{"id":5821,"date":"2025-11-15T04:41:55","date_gmt":"2025-11-15T04:41:55","guid":{"rendered":"https:\/\/arnkilde.dk\/?p=5821"},"modified":"2026-07-11T22:12:17","modified_gmt":"2026-07-11T20:12:17","slug":"er-den-katolske-kirke-konservativ","status":"publish","type":"post","link":"https:\/\/arnkilde.dk\/?p=5821","title":{"rendered":"Er den katolske kirke konservativ?"},"content":{"rendered":"\n<p class=\"wp-block-paragraph\"><em>Af Kuno Arnkilde<\/em><\/p>\n\n\n\n<p class=\"wp-block-paragraph\">Den katolske kirke er verdens st\u00f8rste f\u00e6llesskab med over 1,3 milliarder d\u00f8bte. Kirken opfatter sig ikke som \u201dkonservativ\u201d i politisk forstand, men som trofast mod den tradition og sandhed, den mener at have modtaget fra Kristus. Derfor kan kirken fremst\u00e5 konservativ i etiske sp\u00f8rgsm\u00e5l, men samtidig v\u00e6re progressiv i sociale, \u00f8konomiske og humanit\u00e6re sp\u00f8rgsm\u00e5l. Kirken \u00f8nsker ikke at blive set som en politisk akt\u00f8r, men som en moralsk og \u00e5ndelig stemme, der s\u00e6tter menneskets v\u00e6rdighed i centrum, taler for de svage og bidrager kulturelt og \u00e5ndeligt til samfundet. Kirken vil forst\u00e5s som en stabil og trofast institution, der tilbyder kontinuitet i en omskiftelig verden.<\/p>\n\n\n\n<h2 class=\"wp-block-heading\"><strong>Hvordan opfatter den katolske kirke sig selv \u2013 og hvordan \u00f8nsker den at blive opfattet?<\/strong><\/h2>\n\n\n\n<p class=\"wp-block-paragraph\">Afstanden mellem, hvordan den katolske kirke <em>faktisk<\/em> ser sig selv, og hvordan den <em>ofte opfattes<\/em> i samfundsdebatten, kan v\u00e6re stor. I en tid hvor politiske og kulturelle akser i stigende grad m\u00e5les efter \u201dkonservativ\u201d og \u201dprogressiv\u201d, risikerer kirken at blive presset ind i kategorier, der ikke helt stemmer med dens egen selvforst\u00e5else. Sp\u00f8rgsm\u00e5let er derfor: Opfatter den katolske kirke sig selv som konservativ? Og hvordan \u00f8nsker den egentlig at blive opfattet?<\/p>\n\n\n\n<h3 class=\"wp-block-heading\"><strong>Ikke \u201dkonservativ\u201d \u2013 men \u201dtrofast\u201d<\/strong><\/h3>\n\n\n\n<p class=\"wp-block-paragraph\">Den katolske kirke vil typisk ikke beskrive sig selv som konservativ i politisk forstand. Det ord v\u00e6kker associationer til en bestemt ideologi, partipolitik og kulturelle positioner. Kirken h\u00e6vder selv, at dens udgangspunkt er et andet: trofasthed over for den tro, den har modtaget \u2013 og et ansvar for at videref\u00f8re denne tro u\u00e6ndret i sin kerne.<\/p>\n\n\n\n<p class=\"wp-block-paragraph\">I katolsk teologi findes der et n\u00f8gleord, der overskygger alle politiske betegnelser: <em>Tradition<\/em>. Tradition betyder ikke en stiv fastholdelse af fortiden, men en levende videref\u00f8relse af det, kirken mener, den har modtaget fra Kristus og apostlene. Den katolske selvforst\u00e5else er derfor ikke \u201dvi bevarer det gamle, fordi det er gammelt\u201d, men: \u201dvi bevarer det, der er sandt\u201d.<\/p>\n\n\n\n<p class=\"wp-block-paragraph\">N\u00e5r kirken forsvarer \u00e6gteskabets sakramentalitet, menneskets v\u00e6rdighed fra undfangelse til naturlig d\u00f8d, eller sin liturgiske arv, sker det ikke \u2013 i dens egen optik \u2013 af kulturel konservatisme. Det sker som et sp\u00f8rgsm\u00e5l om kontinuitet, integritet og troskab.<\/p>\n\n\n\n<h3 class=\"wp-block-heading\"><strong>Progressiv p\u00e5 andre omr\u00e5der<\/strong><\/h3>\n\n\n\n<p class=\"wp-block-paragraph\">Samtidig erkendes det ofte i kirkelige dokumenter, at kirken er <em>progressiv<\/em> p\u00e5 omr\u00e5der, hvor samfundet historisk har v\u00e6ret tilbageholdende: sociall\u00e6re, \u00f8konomisk retf\u00e6rdighed, menneskelige rettigheder, migration og omsorg for de fattigste. Kirkeretten og pavelige encyklikaer taler st\u00e6rkt om arbejdstagerrettigheder, klimaforandringer, flygtninges beskyttelse og en \u00f8konomi, der tjener mennesket \u2013 snarere end omvendt.<\/p>\n\n\n\n<p class=\"wp-block-paragraph\">Her ligger noget af den sp\u00e6nding, der pr\u00e6ger den offentlige debat: kirken bliver ofte set som \u201dkonservativ\u201d i etiske og k\u00f8nspolitiske sp\u00f8rgsm\u00e5l, men \u201dprogressiv\u201d i socio\u00f8konomiske.<\/p>\n\n\n\n<p class=\"wp-block-paragraph\">Fra kirkens egen synsvinkel er disse positioner ikke mods\u00e6tninger, men udtryk for et sammenh\u00e6ngende syn p\u00e5 menneskets v\u00e6rdighed.<\/p>\n\n\n\n<h3 class=\"wp-block-heading\"><strong>Kirken \u00f8nsker at blive opfattet som sandhedsvidne \u2013 ikke som blokpolitisk akt\u00f8r<\/strong><\/h3>\n\n\n\n<p class=\"wp-block-paragraph\">Hvis man sp\u00f8rger Vatikanet, biskopper eller paven selv, vil et gennemg\u00e5ende svar v\u00e6re, at kirken ikke \u00f8nsker prim\u00e6rt at blive opfattet som et politisk subjekt. Kirken \u00f8nsker at v\u00e6re:<\/p>\n\n\n\n<ul class=\"wp-block-list\">\n<li>en moralsk og \u00e5ndelig autoritet<\/li>\n\n\n\n<li>en forvalter af en tusind\u00e5rig tradition<\/li>\n\n\n\n<li>en stemme for de svage<\/li>\n\n\n\n<li>en garant for kontinuitet i en omskiftelig verden<\/li>\n\n\n\n<li>et f\u00e6llesskab, der forener mere end det adskiller<\/li>\n<\/ul>\n\n\n\n<p class=\"wp-block-paragraph\">I den selvforst\u00e5else er kirken hverken h\u00f8jre eller venstre, men <em>over tid<\/em>: en institution der r\u00e6kker ud over samtidens str\u00f8mninger og tilbyder et andet perspektiv p\u00e5 menneskelivet \u2013 et sakramentalt perspektiv.<\/p>\n\n\n\n<h3 class=\"wp-block-heading\"><strong>Hvordan vil kirken gerne forst\u00e5s i samfundet?<\/strong><\/h3>\n\n\n\n<p class=\"wp-block-paragraph\">Den katolske kirke \u00f8nsker ikke at blive placeret i en politisk skyttegrav. Hvis man l\u00e6ser nyere dokumenter fra bispesynoder, pavelige encyklikaer og officielle taler, dukker tre \u00f8nsker op igen og igen:<\/p>\n\n\n\n<h4 class=\"wp-block-heading\"><strong>1. Som et f\u00e6llesskab, der s\u00e6tter menneskets v\u00e6rdighed i centrum<\/strong><\/h4>\n\n\n\n<p class=\"wp-block-paragraph\">Kirken vil ikke identificeres ud fra enkeltsager, men ud fra et fundamentalt syn p\u00e5 mennesket: skabt, villet og uendeligt v\u00e6rdifuldt. Alt andet \u2013 etik, liturgi, moral, sociall\u00e6re \u2013 udspringer af dette.<\/p>\n\n\n\n<h4 class=\"wp-block-heading\"><strong>2. Som en stemme for dem, der ikke har en stemme<\/strong><\/h4>\n\n\n\n<p class=\"wp-block-paragraph\">Fra fattige til uf\u00f8dte b\u00f8rn, fra \u00e6ldre til migranter \u2013 kirken vil opfattes som \u00e9n, der taler ind i de omr\u00e5der, hvor samfundet har blinde vinkler.<\/p>\n\n\n\n<h4 class=\"wp-block-heading\"><strong>3. Som et \u00e5ndeligt og kulturelt bidrag til samfundet<\/strong><\/h4>\n\n\n\n<p class=\"wp-block-paragraph\">Kirken \u00f8nsker ikke at dominere samfundet, men at bidrage med kultur, filosofi, kunst, ritualer og en forst\u00e5else af livets dybe dimensioner. Dens identitet er i sidste ende religi\u00f8s \u2013 ikke politisk.<\/p>\n\n\n\n<h3 class=\"wp-block-heading\"><strong>En institution, der ikke \u00f8nsker at v\u00e6re et parti<\/strong><\/h3>\n\n\n\n<p class=\"wp-block-paragraph\">Selv om kirken ofte fremst\u00e5r konservativ udefra, skyldes det ikke n\u00f8dvendigvis, at den k\u00e6mper imod modernitet. Snarere k\u00e6mper den for noget bestemt: den sandhed og tradition, den ser som sin opgave at b\u00e6re videre. Den \u00f8nsker ikke at blive reduceret til en politisk akt\u00f8r, men set som en moralsk og \u00e5ndelig stemme, der har noget at sige ind i ethvert samfund \u2013 ogs\u00e5 n\u00e5r det er upopul\u00e6rt.<\/p>\n\n\n\n<h3 class=\"wp-block-heading\"><strong>En stabil stemme i et flydende landskab<\/strong><\/h3>\n\n\n\n<p class=\"wp-block-paragraph\">I en tid hvor v\u00e6rdier skifter hurtigt, og identitet ofte er flydende, er den katolske kirke \u00e9n af de f\u00e5 globale institutioner, der insisterer p\u00e5 kontinuitet. Den ved, at det kan koste anklager om konservatisme. Men i dens eget selvbillede er den ikke politisk, men trofast \u2013 og netop denne trofasthed ser kirken som sin tjeneste for verden.<\/p>\n","protected":false},"excerpt":{"rendered":"<p>Den katolske kirke er verdens st\u00f8rste f\u00e6llesskab med over 1,3 milliarder d\u00f8bte. Kirken opfatter sig ikke som \u201dkonservativ\u201d i politisk forstand, men som trofast mod den tradition og sandhed, den mener at have modtaget fra Kristus. Derfor kan kirken fremst\u00e5 konservativ i etiske sp\u00f8rgsm\u00e5l, men samtidig v\u00e6re progressiv i sociale, \u00f8konomiske og humanit\u00e6re sp\u00f8rgsm\u00e5l.  Kirken vil forst\u00e5s som en stabil og trofast institution, der tilbyder kontinuitet i en omskiftelig verden.<\/p>\n","protected":false},"author":1,"featured_media":5822,"comment_status":"closed","ping_status":"closed","sticky":false,"template":"","format":"standard","meta":{"_acf_changed":false,"_FSMCFIC_featured_image_caption":"Den katolske kirke er verdens st\u00f8rste f\u00e6llesskab med over 1,3 milliarder d\u00f8bte  | \u00a9\ufe0f arnkilde.dk","_FSMCFIC_featured_image_nocaption":"","_FSMCFIC_featured_image_hide":"","footnotes":""},"categories":[149],"tags":[],"class_list":["post-5821","post","type-post","status-publish","format-standard","has-post-thumbnail","hentry","category-essay-refleksion"],"acf":[],"_links":{"self":[{"href":"https:\/\/arnkilde.dk\/index.php?rest_route=\/wp\/v2\/posts\/5821","targetHints":{"allow":["GET"]}}],"collection":[{"href":"https:\/\/arnkilde.dk\/index.php?rest_route=\/wp\/v2\/posts"}],"about":[{"href":"https:\/\/arnkilde.dk\/index.php?rest_route=\/wp\/v2\/types\/post"}],"author":[{"embeddable":true,"href":"https:\/\/arnkilde.dk\/index.php?rest_route=\/wp\/v2\/users\/1"}],"replies":[{"embeddable":true,"href":"https:\/\/arnkilde.dk\/index.php?rest_route=%2Fwp%2Fv2%2Fcomments&post=5821"}],"version-history":[{"count":15,"href":"https:\/\/arnkilde.dk\/index.php?rest_route=\/wp\/v2\/posts\/5821\/revisions"}],"predecessor-version":[{"id":8868,"href":"https:\/\/arnkilde.dk\/index.php?rest_route=\/wp\/v2\/posts\/5821\/revisions\/8868"}],"wp:featuredmedia":[{"embeddable":true,"href":"https:\/\/arnkilde.dk\/index.php?rest_route=\/wp\/v2\/media\/5822"}],"wp:attachment":[{"href":"https:\/\/arnkilde.dk\/index.php?rest_route=%2Fwp%2Fv2%2Fmedia&parent=5821"}],"wp:term":[{"taxonomy":"category","embeddable":true,"href":"https:\/\/arnkilde.dk\/index.php?rest_route=%2Fwp%2Fv2%2Fcategories&post=5821"},{"taxonomy":"post_tag","embeddable":true,"href":"https:\/\/arnkilde.dk\/index.php?rest_route=%2Fwp%2Fv2%2Ftags&post=5821"}],"curies":[{"name":"wp","href":"https:\/\/api.w.org\/{rel}","templated":true}]}}