{"id":23319,"date":"2026-09-06T07:33:49","date_gmt":"2026-09-06T05:33:49","guid":{"rendered":"https:\/\/arnkilde.dk\/?p=23319"},"modified":"2026-09-06T07:33:49","modified_gmt":"2026-09-06T05:33:49","slug":"hun-ville-ikke-redde-verden","status":"publish","type":"post","link":"https:\/\/arnkilde.dk\/?p=23319","title":{"rendered":"Hun ville ikke redde verden"},"content":{"rendered":"\n<h2 class=\"wp-block-heading\">Hun s\u00e5 Kristus i det menneske, andre gik forbi.<\/h2>\n\n\n\n<p class=\"wp-block-paragraph\">Mother Teresa havde ingen samlet plan for at udrydde verdens fattigdom. Hun begyndte med den syge, den sultne og den d\u00f8ende, som l\u00e5 p\u00e5 gaden foran hende. For hende var barmhjertighed mere end en f\u00f8lelse. Den kr\u00e6vede, at man standsede, b\u00f8jede sig ned og tog et andet menneske i sine arme.<\/p>\n\n\n\n<p class=\"wp-block-paragraph\">Hun var en lille, b\u00f8jet kvinde i en hvid sari med bl\u00e5 kanter. Hun talte enkelt, undertiden s\u00e5 enkelt, at hendes ord kunne lyde som fromme talem\u00e5der. Alligevel blev hun et af det 20. \u00e5rhundredes mest genkendelige mennesker. Hun grundlagde ingen politisk bev\u00e6gelse, skrev ingen stor teologi og fremlagde ingen samfundsmodel. Hun tog d\u00f8ende mennesker op fra Calcuttas gader, vaskede dem og gav dem et sted at d\u00f8. For Mother Teresa var den fattige hverken et socialt problem eller et nummer i en statistik. Den fattige var Kristus.<\/p>\n\n\n\n<h3 class=\"wp-block-heading\">Kaldet i toget<\/h3>\n\n\n\n<p class=\"wp-block-paragraph\">Mother Teresa blev f\u00f8dt som Anjez\u00eb Gonxhe Bojaxhiu i Skopje i 1910. Som 18-\u00e5rig forlod hun sin familie og rejste til Irland for at indtr\u00e6de hos Loreto-s\u00f8strene. Kort efter kom hun til Indien, hvor hun underviste p\u00e5 en katolsk pigeskole i Calcutta. Hun blev senere skoleleder og levede et ordnet klosterliv med undervisning, b\u00f8n og faste pligter.<\/p>\n\n\n\n<p class=\"wp-block-paragraph\">Den 10. september 1946 sad hun i et tog p\u00e5 vej til et retr\u00e6tested i Darjeeling. Under rejsen erfarede hun det, hun senere beskrev som \u00bbet kald i kaldet\u00ab. Hun skulle forlade klosterskolens beskyttede liv og g\u00e5 ud blandt de fattigste. Hun oplevede, at Kristus kaldte p\u00e5 hende gennem de mennesker, der var blevet forladt.<\/p>\n\n\n\n<p class=\"wp-block-paragraph\">Der gik n\u00e6sten to \u00e5r, f\u00f8r hun fik kirkelig tilladelse til at forlade Loreto-s\u00f8strenes kloster og begynde sit nye arbejde. Hun tog den enkle, hvide sari p\u00e5, gennemf\u00f8rte et kort kursus i sygepleje og gik ud i Calcuttas slumkvarterer. Hun havde f\u00e5 penge og ingen organisation bag sig. Hun underviste b\u00f8rn ved at skrive bogstaver i st\u00f8vet, bes\u00f8gte familier og plejede syge, som andre ikke ville r\u00f8re ved.<\/p>\n\n\n\n<p class=\"wp-block-paragraph\">I 1950 godkendte Kirken hendes nye orden, Missionaries of Charity \u2013 K\u00e6rlighedens Mission\u00e6rer. S\u00f8strene aflagde l\u00f8fter om fattigdom, kyskhed og lydighed samt et s\u00e6rligt l\u00f8fte om helhjertet og gratis tjeneste for de fattigste blandt de fattige.<\/p>\n\n\n\n<h3 class=\"wp-block-heading\">Et menneske ad gangen<\/h3>\n\n\n\n<p class=\"wp-block-paragraph\">Mother Teresa talte sj\u00e6ldent om at forandre verden. Hun talte om at elske det menneske, Gud havde stillet p\u00e5 ens vej. Verden kunne ikke b\u00e6res p\u00e5 \u00e9n gang. Det ensomme menneske kunne bes\u00f8ges. Det sultne barn kunne f\u00e5 mad. Den d\u00f8ende kunne f\u00e5 en h\u00e5nd at holde i. Den u\u00f8nskede kunne f\u00e5 at vide, at hans liv havde v\u00e6rdi.<\/p>\n\n\n\n<p class=\"wp-block-paragraph\">Hendes indsats l\u00f8ste ikke de politiske og \u00f8konomiske forhold, som skabte fattigdommen. Det h\u00e6vdede hun heller aldrig. Samfundet har pligt til at bek\u00e6mpe uretf\u00e6rdighed og sikre ordentlig behandling af syge og udsatte. Imens ligger der stadig et menneske p\u00e5 gaden. En analyse kan forklare dets fattigdom, men den kan ikke vaske dets s\u00e5r.<\/p>\n\n\n\n<p class=\"wp-block-paragraph\">Her ligger den vedvarende udfordring i hendes liv. Vi kan tale l\u00e6nge om strukturer, rettigheder og reformer og samtidig g\u00e5 forbi den, der har brug for os. Mother Teresa kr\u00e6vede ingen s\u00e6rlig uddannelse for at vise barmhjertighed. Hun kr\u00e6vede opm\u00e6rksomhed, n\u00e6rv\u00e6r og viljen til at lade sig forstyrre.<\/p>\n\n\n\n<h3 class=\"wp-block-heading\">Den st\u00f8rste fattigdom<\/h3>\n\n\n\n<p class=\"wp-block-paragraph\">Da hun rejste gennem Europas og Nordamerikas velst\u00e5ende lande, talte hun om en fattigdom, som ikke kunne m\u00e5les i penge. Hun m\u00f8dte mennesker, der havde mad, varme og l\u00e6gehj\u00e6lp, men savnede n\u00e6rhed og oplevelsen af at v\u00e6re elsket. Ensomhed, afvisning og f\u00f8lelsen af at v\u00e6re overfl\u00f8dig s\u00e5 hun som en af tidens dybeste former for n\u00f8d.<\/p>\n\n\n\n<p class=\"wp-block-paragraph\">Et offentligt system kan s\u00f8rge for bolig, medicin og pleje. Det kan ikke alene give et menneske visheden om, at nogen gl\u00e6der sig over, at det findes. Den opgave tilh\u00f8rer familien, naboen, vennen, menigheden og enhver, der t\u00f8r komme et andet menneske n\u00e6r.<\/p>\n\n\n\n<p class=\"wp-block-paragraph\">Mother Teresa forsvarede det uf\u00f8dte barn med samme styrke, som hun forsvarede den d\u00f8ende p\u00e5 gaden. Hun s\u00e5 abort som et tegn p\u00e5, at menneskelivets v\u00e6rdi var blevet afh\u00e6ngig af, om barnet var \u00f8nsket. Da hun modtog Nobels fredspris i 1979, brugte hun talerstolen til at tale imod abort. Hun vidste, at ordene ville v\u00e6kke modstand. For hende havde mennesket v\u00e6rdi fra undfangelsen til den naturlige d\u00f8d \u2013 ogs\u00e5 n\u00e5r det var sygt, fattigt, ubelejligt eller helt afh\u00e6ngigt af andre.<\/p>\n\n\n\n<h3 class=\"wp-block-heading\">Tro uden tr\u00f8st<\/h3>\n\n\n\n<p class=\"wp-block-paragraph\">Efter hendes d\u00f8d blev hendes private breve offentliggjort. De afsl\u00f8rede en side af hendes liv, som offentligheden ikke havde kendt. Gennem \u00e5rtier oplevede hun en dyb indre t\u00f8rke. Gud f\u00f8ltes fjern, b\u00f8nnen var uden tr\u00f8st, og hun bar p\u00e5 en smertefuld tomhed. Den smilende s\u00f8ster, der talte om Guds k\u00e6rlighed, kunne ofte ikke selv m\u00e6rke denne k\u00e6rlighed.<\/p>\n\n\n\n<p class=\"wp-block-paragraph\">Det giver hendes liv en anden tyngde. Hun fortsatte ikke sit arbejde, fordi hun hele tiden var b\u00e5ret af st\u00e6rke religi\u00f8se f\u00f8lelser. Hun fortsatte, fordi hun havde givet Gud sit ord. Troen blev en troskab, der holdt gennem m\u00f8rket. Hun gav de fattige den k\u00e6rlighed, hun selv l\u00e6ngtes efter at erfare, og i deres forladthed genkendte hun sin egen.<\/p>\n\n\n\n<p class=\"wp-block-paragraph\">Flere af Kirkens store mystikere har beskrevet perioder, hvor Gud synes tavs. Troen mister sin s\u00f8dme og m\u00e5 leve uden synlig bel\u00f8nning. Mother Teresa tjente Kristus i de fattige, mens hun selv savnede oplevelsen af hans n\u00e6rhed. Det kostede mere, end mennesker omkring hende anede.<\/p>\n\n\n\n<h3 class=\"wp-block-heading\">Helgen uden glansbillede<\/h3>\n\n\n\n<p class=\"wp-block-paragraph\">Der er rejst kritik af plejen p\u00e5 hendes institutioner, ordenens \u00f8konomi og hendes forbindelse til tvivlsomme magthavere og velg\u00f8rere. Kritikken skal ikke afvises, blot fordi hun er helgenk\u00e5ret. En helgen kan tr\u00e6ffe d\u00e5rlige beslutninger, udvise mangelfuld d\u00f8mmekraft og lede en organisation, hvor meget burde have v\u00e6ret gjort bedre.<\/p>\n\n\n\n<p class=\"wp-block-paragraph\">Kirken helgenk\u00e5rer heller ikke en behandlingsmetode eller et regnskab. Den anerkender et menneskes heroiske troskab mod Gud. Mother Teresa b\u00f8r hverken fremstilles som fejlfri eller reduceres til anklagerne mod hende. Hendes storhed l\u00e5 i viljen til at g\u00e5 hen, hvor andre vendte blikket bort, og blive hos mennesker, som ingen l\u00e6ngere regnede med.<\/p>\n\n\n\n<p class=\"wp-block-paragraph\">Pave Frans helgenk\u00e5rede hende i 2016. Hendes mindedag fejres den 5. september, \u00e5rsdagen for hendes d\u00f8d i 1997. Hun kaldes ofte de fattiges helgen, men hendes liv henvender sig ogs\u00e5 til dem, der aldrig kommer til Calcutta eller tr\u00e6der ind i en orden.<\/p>\n\n\n\n<h3 class=\"wp-block-heading\">Begynd der, hvor du er<\/h3>\n\n\n\n<p class=\"wp-block-paragraph\">Mother Teresa bad ikke alle om at rejse til Indien. Hun bad dem se sig omkring. Der findes ensomme p\u00e5 villavejen, fors\u00f8mte p\u00e5 plejehjemmet, b\u00f8rn uden ro i familien og mennesker, som g\u00e5r gennem dagene uden at blive set. Afstanden til den fattige m\u00e5les ikke altid i kilometer. Den kan v\u00e6re bredden p\u00e5 et middagsbord.<\/p>\n\n\n\n<p class=\"wp-block-paragraph\">Hun sagde, at vi ikke alle kan g\u00f8re store ting, men at vi kan g\u00f8re sm\u00e5 ting med stor k\u00e6rlighed. S\u00e6tningen er blevet gentaget s\u00e5 ofte, at dens alvor let forsvinder. Sm\u00e5 gerninger kan v\u00e6re kr\u00e6vende. Det koster tid at lytte til et ensomt menneske. Det kan v\u00e6re besv\u00e6rligt at bes\u00f8ge den syge, tilgive en gammel uret eller tage sig af et menneske, som bliver ved med at have brug for os. K\u00e6rligheden bliver virkelig, n\u00e5r den f\u00e5r lov til at koste noget.<\/p>\n\n\n\n<p class=\"wp-block-paragraph\">Mother Teresa begyndte med det menneske, hun kunne n\u00e5. Hun standsede d\u00e9r, hvor andre gik videre. Fattigdommen forsvandt ikke fra Calcutta, og verden blev ikke helbredt. Men et menneske, der var blevet overladt til gaden, blev l\u00f8ftet op, vasket og m\u00f8dt som \u00e9n, Gud elskede.<\/p>\n\n\n\n<p class=\"wp-block-paragraph\">Hun reddede ikke verden. Hun viste, hvordan k\u00e6rligheden tr\u00e6der ind i den.<\/p>\n\n\n\n<p class=\"wp-block-paragraph\"><em>-karn<\/em><\/p>\n\n\n\n<h2 class=\"wp-block-heading\">FAKTA OM MOTHER TERESA<\/h2>\n\n\n\n<p class=\"wp-block-paragraph\"><strong>F\u00f8dt:<\/strong> 26. august 1910 i Skopje som Anjez\u00eb Gonxhe Bojaxhiu. Hun blev d\u00f8bt dagen efter.<\/p>\n\n\n\n<p class=\"wp-block-paragraph\"><strong>D\u00f8d:<\/strong> 5. september 1997 i Calcutta, 87 \u00e5r gammel.<\/p>\n\n\n\n<p class=\"wp-block-paragraph\"><strong>Baggrund:<\/strong> Hun var af albansk familie og rejste som 18-\u00e5rig til Irland for at indtr\u00e6de hos Loreto-s\u00f8strene. I 1929 kom hun til Indien.<\/p>\n\n\n\n<p class=\"wp-block-paragraph\"><strong>Kaldet:<\/strong> Under en togrejse den 10. september 1946 oplevede hun sit \u00bbkald i kaldet\u00ab til at forlade klosterskolen og tjene de fattigste blandt de fattige.<\/p>\n\n\n\n<p class=\"wp-block-paragraph\"><strong>Ordensstifter:<\/strong> I 1950 grundlagde hun Missionaries of Charity \u2013 K\u00e6rlighedens Mission\u00e6rer.<\/p>\n\n\n\n<p class=\"wp-block-paragraph\"><strong>Nobels fredspris:<\/strong> Hun modtog prisen i 1979 for sit arbejde blandt fattige, syge og d\u00f8ende.<\/p>\n\n\n\n<p class=\"wp-block-paragraph\"><strong>Saligk\u00e5ret:<\/strong> Den 19. oktober 2003 af pave Johannes Paul II.<\/p>\n\n\n\n<p class=\"wp-block-paragraph\"><strong>Helgenk\u00e5ret:<\/strong> Den 4. september 2016 af pave Frans under navnet den hellige Teresa af Calcutta.<\/p>\n\n\n\n<p class=\"wp-block-paragraph\"><strong>Mindedag:<\/strong> 5. september.<\/p>\n","protected":false},"excerpt":{"rendered":"<p>Mother Teresa havde ingen samlet plan for at udrydde verdens fattigdom. Hun begyndte med den syge, den sultne og den d\u00f8ende, som andre gik forbi. Hendes liv rummer b\u00e5de storhed, m\u00f8rke og omstridte valg, men hendes udfordring st\u00e5r tilbage: Ser vi det menneske, der har brug for os?<\/p>\n","protected":false},"author":1,"featured_media":23322,"comment_status":"closed","ping_status":"closed","sticky":false,"template":"","format":"standard","meta":{"_acf_changed":false,"_FSMCFIC_featured_image_caption":"Moder Teresa viet sit liv til de fattigste blandt de fattige. For hende havde ethvert menneske en ukr\u00e6nkelig v\u00e6rdighed og skulle m\u00f8des som \u00e9n, Gud elskede. Illustration: arnkilde.dk","_FSMCFIC_featured_image_nocaption":"","_FSMCFIC_featured_image_hide":"","footnotes":""},"categories":[1131],"tags":[],"class_list":["post-23319","post","type-post","status-publish","format-standard","has-post-thumbnail","hentry","category-helgener-kirken"],"acf":[],"_links":{"self":[{"href":"https:\/\/arnkilde.dk\/index.php?rest_route=\/wp\/v2\/posts\/23319","targetHints":{"allow":["GET"]}}],"collection":[{"href":"https:\/\/arnkilde.dk\/index.php?rest_route=\/wp\/v2\/posts"}],"about":[{"href":"https:\/\/arnkilde.dk\/index.php?rest_route=\/wp\/v2\/types\/post"}],"author":[{"embeddable":true,"href":"https:\/\/arnkilde.dk\/index.php?rest_route=\/wp\/v2\/users\/1"}],"replies":[{"embeddable":true,"href":"https:\/\/arnkilde.dk\/index.php?rest_route=%2Fwp%2Fv2%2Fcomments&post=23319"}],"version-history":[{"count":4,"href":"https:\/\/arnkilde.dk\/index.php?rest_route=\/wp\/v2\/posts\/23319\/revisions"}],"predecessor-version":[{"id":23324,"href":"https:\/\/arnkilde.dk\/index.php?rest_route=\/wp\/v2\/posts\/23319\/revisions\/23324"}],"wp:featuredmedia":[{"embeddable":true,"href":"https:\/\/arnkilde.dk\/index.php?rest_route=\/wp\/v2\/media\/23322"}],"wp:attachment":[{"href":"https:\/\/arnkilde.dk\/index.php?rest_route=%2Fwp%2Fv2%2Fmedia&parent=23319"}],"wp:term":[{"taxonomy":"category","embeddable":true,"href":"https:\/\/arnkilde.dk\/index.php?rest_route=%2Fwp%2Fv2%2Fcategories&post=23319"},{"taxonomy":"post_tag","embeddable":true,"href":"https:\/\/arnkilde.dk\/index.php?rest_route=%2Fwp%2Fv2%2Ftags&post=23319"}],"curies":[{"name":"wp","href":"https:\/\/api.w.org\/{rel}","templated":true}]}}