{"id":23207,"date":"2026-09-03T11:26:07","date_gmt":"2026-09-03T09:26:07","guid":{"rendered":"https:\/\/arnkilde.dk\/?p=23207"},"modified":"2026-09-03T13:33:03","modified_gmt":"2026-09-03T11:33:03","slug":"tv-pioneren-fulton-sheen-bliver-saligkaaret","status":"publish","type":"post","link":"https:\/\/arnkilde.dk\/?p=23207","title":{"rendered":"Tv-pioneren Fulton Sheen bliver saligk\u00e5ret"},"content":{"rendered":"\n<h2 class=\"wp-block-heading\">Den amerikanske \u00e6rkebiskop samlede millioner foran fjernsynet<\/h2>\n\n\n\n<p class=\"manchet wp-block-paragraph\">Den 24. september bliver Fulton J. Sheen saligk\u00e5ret ved en messe i St. Louis, USA. Den amerikanske \u00e6rkebiskop gjorde katolsk tro til folkeeje gennem radio og tv, og hans vej mod saligk\u00e5ringen blev \u00e5bnet, da Kirken anerkendte en nyf\u00f8dt drengs uforklarlige helbredelse som et mirakel.<\/p>\n\n\n\n<p class=\"wp-block-paragraph\">Han stod alene foran en tavle, if\u00f8rt pr\u00e6stekjole, kappe og kalot. Der var ingen avanceret scenografi, intet orkester og ingen stor produktion omkring ham. Alligevel samlede \u00e6rkebiskop Fulton J. Sheen millioner af amerikanere foran fjernsynet i 1950\u2019erne. Han talte om tro, moral, skyld, lidelse, kommunisme og menneskets l\u00e6ngsel efter Gud i et sprog, der kunne forst\u00e5s langt uden for Den Katolske Kirke. Nu, n\u00e6sten 47 \u00e5r efter sin d\u00f8d, bliver en af det 20. \u00e5rhundredes mest kendte katolske formidlere saligk\u00e5ret.<\/p>\n\n\n\n<p class=\"wp-block-paragraph\">Saligk\u00e5ringen finder sted torsdag den 24. september 2026 i The Dome at America\u2019s Center i St. Louis i delstaten Missouri. Kardinal Luis Antonio Tagle skal som pave Leo XIV\u2019s repr\u00e6sentant pr\u00e6sidere ved messen, hvor Fulton Sheen officielt f\u00e5r betegnelsen \u00bbsalig\u00ab. Den store arena er valgt, fordi titusinder ventes at deltage. I Sheens hjemby Peoria i Illinois bliver dagene omkring saligk\u00e5ringen samtidig markeret med messer, b\u00f8n, foredrag og valfart til hans grav.<\/p>\n\n\n\n<h2 class=\"wp-block-heading\">En katolsk stemme i millioner af hjem<\/h2>\n\n\n\n<p class=\"wp-block-paragraph\">Fulton John Sheen blev f\u00f8dt i 1895 i El Paso i Illinois og voksede op i Peoria. Han blev pr\u00e6steviet i 1919, tog en doktorgrad i filosofi og blev senere professor ved The Catholic University of America i Washington. Hans akademiske baggrund var omfattende, men hans s\u00e6rlige evne l\u00e5 i at f\u00f8re teologien ud af forel\u00e6sningslokalet og ind i almindelige menneskers hverdag.<\/p>\n\n\n\n<p class=\"wp-block-paragraph\">Allerede fra 1930\u2019erne blev han kendt gennem radioprogrammet <em>The Catholic Hour<\/em>. Det store gennembrud kom med fjernsynet og programmet <em>Life Is Worth Living<\/em>, der blev sendt fra 1952. Her stod Sheen foran sin karakteristiske tavle og talte direkte til seerne uden manuskript i h\u00e5nden. Udsendelserne blev vist i bedste sendetid og konkurrerede med nogle af amerikansk fjernsyns st\u00f8rste underholdningsnavne, blandt andre Milton Berle og Frank Sinatra.<\/p>\n\n\n\n<p class=\"wp-block-paragraph\">Sheen modtog i 1952 en Emmy for sin indsats p\u00e5 tv. I sin takketale takkede han sine fire forfattere: Matth\u00e6us, Markus, Lukas og Johannes. Bem\u00e6rkningen var typisk for hans form. Han kunne v\u00e6re alvorlig uden at blive tung og vittig uden at g\u00f8re troen overfladisk. P\u00e5 et tidspunkt, hvor katolikker stadig blev m\u00f8dt med betydelig mistro i USA, gjorde han en katolsk biskop til en fortrolig g\u00e6st i millioner af hjem.<\/p>\n\n\n\n<p class=\"wp-block-paragraph\">Hans udsendelser var heller ikke udformet som sn\u00e6ver kirkelig undervisning. Sheen talte om de store menneskelige erfaringer: k\u00e6rlighed, frygt, ensomhed, skyld, samvittighed, krig og h\u00e5b. Det katolske udgangspunkt var tydeligt, men han henvendte sig til hele befolkningen. Hans evne til at bruge tidens nye medier uden at fortynde budskabet gjorde ham til en af de f\u00f8rste store katolske mediepersonligheder.<\/p>\n\n\n\n<h2 class=\"wp-block-heading\">Drengen blev f\u00f8dt uden puls<\/h2>\n\n\n\n<p class=\"wp-block-paragraph\">Vejen til saligk\u00e5ringen blev \u00e5bnet gennem en begivenhed i 2010. Bonnie Engstrom fra Illinois var gravid med sit tredje barn og var begyndt at se gamle optagelser med Fulton Sheen p\u00e5 internettet. Hun bad om hans forb\u00f8n under graviditeten og gav senere sin s\u00f8n mellemnavnet Fulton.<\/p>\n\n\n\n<p class=\"wp-block-paragraph\">Den 16. september 2010 f\u00f8dte hun hjemme med hj\u00e6lp fra en jordemoder. Drengen, James Fulton Engstrom, blev f\u00f8dt uden puls og blev hastet til hospitalet, mens genoplivningen fortsatte. I mere end en time blev der ikke registreret normal hjerteaktivitet. Familien, venner og bekendte bad samtidig Gud om hj\u00e6lp gennem Fulton Sheens forb\u00f8n.<\/p>\n\n\n\n<p class=\"wp-block-paragraph\">Da l\u00e6gerne var ved at indstille behandlingen og erkl\u00e6re barnet d\u00f8dt, registrerede de en svag hjertelyd. Hjertet begyndte at sl\u00e5, og James blev behandlet med nedk\u00f8ling for at begr\u00e6nse f\u00f8lgerne af det langvarige iltsvind. L\u00e6gerne forventede alvorlige og varige hjerneskader, hvis han overlevede. Drengen kom sig imidlertid uden de skader, man havde frygtet, og voksede op som et raskt barn. I dag er han 15 \u00e5r.<\/p>\n\n\n\n<p class=\"wp-block-paragraph\">Sagen blev unders\u00f8gt gennem flere \u00e5r af l\u00e6ger, teologer og Kirken. I 2019 godkendte pave Frans helbredelsen som et mirakel, der var sket gennem Fulton Sheens forb\u00f8n. Bonnie Engstrom har selv understreget, at miraklet kommer fra Jesus Kristus, mens Fulton Sheens rolle er forb\u00f8nnen. Det er ogs\u00e5 den katolske forst\u00e5else: Helgener udf\u00f8rer ikke mirakler ved egen kraft, men beder for mennesker hos Gud.<\/p>\n\n\n\n<p class=\"wp-block-paragraph\">Ved saligk\u00e5ringen skal James Fulton Engstrom b\u00e6re en relikvie af Sheen frem under liturgien. Familien, som stod midt i begivenheden i 2010, kommer dermed til at indtage en synlig plads ved den kirkelige anerkendelse af miraklet 16 \u00e5r senere.<\/p>\n\n\n\n<h2 class=\"wp-block-heading\">En saligk\u00e5ring blev standset f\u00e5 uger f\u00f8r ceremonien<\/h2>\n\n\n\n<p class=\"wp-block-paragraph\">Fulton Sheen skulle oprindeligt have v\u00e6ret saligk\u00e5ret i Peoria den 21. december 2019. Ceremonien blev imidlertid udsat f\u00e5 uger f\u00f8r den planlagte dato. Rochester Stift i staten New York, hvor Sheen var biskop fra 1966 til 1969, havde bedt om mere tid til at unders\u00f8ge hans administrative behandling af pr\u00e6ster, som var blevet beskyldt for seksuelle overgreb.<\/p>\n\n\n\n<p class=\"wp-block-paragraph\">Der blev ikke rettet anklager mod Sheen for selv at have beg\u00e5et overgreb. Unders\u00f8gelsen handlede om, hvorvidt han som biskop havde handlet forsvarligt i forbindelse med pr\u00e6sters tjeneste og placering. Sagen blev gennemg\u00e5et som led i de omfattende unders\u00f8gelser af Den Katolske Kirkes h\u00e5ndtering af seksuelle overgreb i USA. Efter seks \u00e5rs ventetid meddelte Peoria Stift i februar 2026, at Den Hellige Stol havde givet tilladelse til, at saligk\u00e5ringen kunne gennemf\u00f8res.<\/p>\n\n\n\n<p class=\"wp-block-paragraph\">Forl\u00f8bet var ikke den eneste strid omkring Sheens sag. Efter hans d\u00f8d i 1979 blev han begravet i Saint Patrick\u2019s Cathedral i New York. Hans familie \u00f8nskede senere, at hans jordiske rester skulle flyttes til Peoria, hvor hans helgenk\u00e5ringssag blev f\u00f8rt. Efter en l\u00e6ngere retssag blev de i 2019 overf\u00f8rt til Cathedral of Saint Mary of the Immaculate Conception i Peoria. Graven er siden blevet bes\u00f8gt af pilgrimme fra mange lande.<\/p>\n\n\n\n<h2 class=\"wp-block-heading\">Fra mediestjerne til salig<\/h2>\n\n\n\n<p class=\"wp-block-paragraph\">Sheen var hj\u00e6lpebiskop i New York og senere biskop af Rochester. Han deltog i Det Andet Vatikankoncil, arbejdede for Kirkens mission og brugte sin ber\u00f8mmelse til at samle store bel\u00f8b ind til missionsarbejdet. Han var en markant modstander af kommunismen, men tog ogs\u00e5 afstand fra Vietnamkrigen. Gennem b\u00f8ger, radioudsendelser, pr\u00e6dikener og fjernsyn blev han en af sin tids mest indflydelsesrige katolske stemmer.<\/p>\n\n\n\n<p class=\"wp-block-paragraph\">Saligk\u00e5ringen betyder, at Kirken tillader en offentlig kirkelig kult af Fulton Sheen inden for de rammer, der fasts\u00e6ttes i forbindelse med ceremonien. Den betyder ikke, at enhver udtalelse eller beslutning i hans lange liv erkl\u00e6res fejlfri. Kirken anerkender, at han levede de kristne dyder p\u00e5 heroisk vis, og at et mirakel er sket gennem hans forb\u00f8n.<\/p>\n\n\n\n<p class=\"wp-block-paragraph\">For en senere helgenk\u00e5ring kr\u00e6ves der normalt endnu et mirakel, som skal v\u00e6re indtruffet efter saligk\u00e5ringen og gennemg\u00e5 en selvst\u00e6ndig l\u00e6gelig og kirkelig unders\u00f8gelse. Peorias biskop, Louis Tylka, har oplyst, at flere mulige mirakler allerede er blevet anmeldt, men ingen af dem er endnu anerkendt af Kirken.<\/p>\n\n\n\n<p class=\"wp-block-paragraph\">Fulton Sheen blev ber\u00f8mt gennem et medie, som endnu var nyt og fremmed for mange kirkelige milj\u00f8er. Han betragtede ikke fjernsynet som en trussel mod troen, men som et sted, hvor mennesker allerede befandt sig, og hvor Kirken m\u00e5tte v\u00e6re til stede med et klart sprog og et genkendeligt ansigt. N\u00e5r han saligk\u00e5res den 24. september, bliver det ogs\u00e5 en kirkelig anerkendelse af en pr\u00e6st, som forstod, at forkyndelsen h\u00f8rer hjemme b\u00e5de p\u00e5 pr\u00e6dikestolen og i tidens medier.<\/p>\n\n\n\n<h2 class=\"wp-block-heading\">Se Fulton Sheen p\u00e5 tv<\/h2>\n\n\n\n<p class=\"wp-block-paragraph\">I denne udsendelse af <em>Life Is Worth Living<\/em> taler Fulton Sheen om k\u00e6rlighedens betydning. Optagelsen viser den enkle form, som gjorde ham til en af amerikansk fjernsyns f\u00f8rste store religi\u00f8se personligheder: En biskop, en tavle og en tale uden synligt manuskript.<\/p>\n\n\n<figure class=\"wp-block-embed wp-block-embed-youtube is-type-video is-provider-youtube epyt-figure\"><div class=\"wp-block-embed__wrapper\"><div class=\"epyt-video-wrapper\"><div  data-ep-a=\"rotateIn\"  id=\"_ytid_71391\"  width=\"960\" height=\"540\"  data-origwidth=\"960\" data-origheight=\"540\" data-facadesrc=\"https:\/\/www.youtube.com\/embed\/_qTjGIEVFPA?enablejsapi=1&#038;autoplay=0&#038;cc_load_policy=0&#038;iv_load_policy=1&#038;loop=0&#038;fs=1&#038;playsinline=0&#038;controls=1&#038;disablekb=0&#038;color=red&#038;cc_lang_pref=&#038;rel=0&#038;autohide=2&#038;hl=da_DK&#038;theme=dark&#038;\" class=\"__youtube_prefs__ epyt-facade  no-lazyload\" data-vol=\"50\"  data-epautoplay=\"1\" ><img decoding=\"async\" data-spai-excluded=\"true\" class=\"epyt-facade-poster skip-lazy\" loading=\"lazy\"  alt=\"Life is Worth Living | Episode 5 | The Meaning of Love | Fulton Sheen\"  src=\"https:\/\/i.ytimg.com\/vi\/_qTjGIEVFPA\/maxresdefault.jpg\"  \/><button class=\"epyt-facade-play\" aria-label=\"Play\"><svg data-no-lazy=\"1\" height=\"100%\" version=\"1.1\" viewBox=\"0 0 68 48\" width=\"100%\"><path class=\"ytp-large-play-button-bg\" d=\"M66.52,7.74c-0.78-2.93-2.49-5.41-5.42-6.19C55.79,.13,34,0,34,0S12.21,.13,6.9,1.55 C3.97,2.33,2.27,4.81,1.48,7.74C0.06,13.05,0,24,0,24s0.06,10.95,1.48,16.26c0.78,2.93,2.49,5.41,5.42,6.19 C12.21,47.87,34,48,34,48s21.79-0.13,27.1-1.55c2.93-0.78,4.64-3.26,5.42-6.19C67.94,34.95,68,24,68,24S67.94,13.05,66.52,7.74z\" fill=\"#f00\"><\/path><path d=\"M 45,24 27,14 27,34\" fill=\"#fff\"><\/path><\/svg><\/button><\/div><\/div><\/div><\/figure>\n\n\n<p class=\"wp-block-paragraph\">Fulton Sheen taler om k\u00e6rlighed i en udsendelse af <em>Life Is Worth Living<\/em>. Serien blev sendt p\u00e5 amerikansk fjernsyn fra 1952 til 1957 og gjorde den katolske biskop kendt i millioner af hjem. Video: Vision Video\/YouTube.<\/p>\n\n\n\n<div class=\"wp-block-group faktaboks is-layout-constrained wp-block-group-is-layout-constrained\">\n<h2 class=\"wp-block-heading\">Faktaboks: Fulton J. Sheen<\/h2>\n\n\n\n<ul class=\"wp-block-list\">\n<li>F\u00f8dt 8. maj 1895 i El Paso, Illinois.<\/li>\n\n\n\n<li>Pr\u00e6steviet for Peoria Stift i 1919.<\/li>\n\n\n\n<li>Professor ved The Catholic University of America.<\/li>\n\n\n\n<li>Kendt fra radioprogrammet <em>The Catholic Hour<\/em> og tv-programmet <em>Life Is Worth Living<\/em>.<\/li>\n\n\n\n<li>Modtog en Emmy i 1952.<\/li>\n\n\n\n<li>Udn\u00e6vnt til hj\u00e6lpebiskop i New York i 1951.<\/li>\n\n\n\n<li>Biskop af Rochester fra 1966 til 1969.<\/li>\n\n\n\n<li>D\u00f8de 9. december 1979 i New York.<\/li>\n\n\n\n<li>Erkl\u00e6ret \u00e6rv\u00e6rdig af pave Benedikt XVI i 2012.<\/li>\n\n\n\n<li>Miraklet til brug for saligk\u00e5ringen blev godkendt af pave Frans i 2019.<\/li>\n\n\n\n<li>Saligk\u00e5res 24. september 2026 i St. Louis.<\/li>\n\n\n\n<li>Kardinal Luis Antonio Tagle pr\u00e6sidere ved messen som pave Leo XIV\u2019s repr\u00e6sentant.<\/li>\n<\/ul>\n<\/div>\n\n\n\n<p class=\"wp-block-paragraph\"><\/p>\n","protected":false},"excerpt":{"rendered":"<p>Den amerikanske \u00e6rkebiskop Fulton J. Sheen gjorde katolsk tro til folkeeje gennem radio og fjernsyn. Den 24. september bliver han saligk\u00e5ret efter anerkendelsen af en nyf\u00f8dt drengs uforklarlige helbredelse og en seks \u00e5r lang uds\u00e6ttelse af ceremonien.<\/p>\n","protected":false},"author":1,"featured_media":23217,"comment_status":"closed","ping_status":"closed","sticky":false,"template":"","format":"standard","meta":{"_acf_changed":false,"_FSMCFIC_featured_image_caption":"","_FSMCFIC_featured_image_nocaption":"","_FSMCFIC_featured_image_hide":"","footnotes":""},"categories":[1259],"tags":[],"class_list":["post-23207","post","type-post","status-publish","format-standard","has-post-thumbnail","hentry","category-usa-nyheder-verden"],"acf":[],"_links":{"self":[{"href":"https:\/\/arnkilde.dk\/index.php?rest_route=\/wp\/v2\/posts\/23207","targetHints":{"allow":["GET"]}}],"collection":[{"href":"https:\/\/arnkilde.dk\/index.php?rest_route=\/wp\/v2\/posts"}],"about":[{"href":"https:\/\/arnkilde.dk\/index.php?rest_route=\/wp\/v2\/types\/post"}],"author":[{"embeddable":true,"href":"https:\/\/arnkilde.dk\/index.php?rest_route=\/wp\/v2\/users\/1"}],"replies":[{"embeddable":true,"href":"https:\/\/arnkilde.dk\/index.php?rest_route=%2Fwp%2Fv2%2Fcomments&post=23207"}],"version-history":[{"count":8,"href":"https:\/\/arnkilde.dk\/index.php?rest_route=\/wp\/v2\/posts\/23207\/revisions"}],"predecessor-version":[{"id":23216,"href":"https:\/\/arnkilde.dk\/index.php?rest_route=\/wp\/v2\/posts\/23207\/revisions\/23216"}],"wp:featuredmedia":[{"embeddable":true,"href":"https:\/\/arnkilde.dk\/index.php?rest_route=\/wp\/v2\/media\/23217"}],"wp:attachment":[{"href":"https:\/\/arnkilde.dk\/index.php?rest_route=%2Fwp%2Fv2%2Fmedia&parent=23207"}],"wp:term":[{"taxonomy":"category","embeddable":true,"href":"https:\/\/arnkilde.dk\/index.php?rest_route=%2Fwp%2Fv2%2Fcategories&post=23207"},{"taxonomy":"post_tag","embeddable":true,"href":"https:\/\/arnkilde.dk\/index.php?rest_route=%2Fwp%2Fv2%2Ftags&post=23207"}],"curies":[{"name":"wp","href":"https:\/\/api.w.org\/{rel}","templated":true}]}}