{"id":23098,"date":"2026-09-03T00:10:00","date_gmt":"2026-09-02T22:10:00","guid":{"rendered":"https:\/\/arnkilde.dk\/?p=23098"},"modified":"2026-09-03T05:57:08","modified_gmt":"2026-09-03T03:57:08","slug":"sankt-gregor-den-store-paven-der-kaldte-sig-tjener","status":"publish","type":"post","link":"https:\/\/arnkilde.dk\/?p=23098","title":{"rendered":"Sankt Gregor den Store"},"content":{"rendered":"\n<h2 class=\"wp-block-heading\">Gregor var ingen skrivebordsteolog. Alt, hvad han skrev, havde et pastoralt sigte*<\/h2>\n\n\n\n<p class=\"manchet wp-block-paragraph\">Den 3. september fejrer den katolske kirke Sankt Gregor den Store, pave og kirkel\u00e6rer. Han l\u00e6ngtes efter klosterets stilhed, men blev kaldet til at lede Kirken gennem pest, sult og krig. Hos Gregor h\u00f8rte b\u00f8n, myndighed og omsorg for de fattige sammen. Han blev en af Kirkens store skikkelser, fordi han forstod, at den, der f\u00e5r magt, skal bruge den i tjeneste for andre.<\/p>\n\n\n\n<p class=\"wp-block-paragraph\">Gregor den Store st\u00e5r s\u00e5 fast i Kirkens historie, at mennesket bag navnet let forsvinder. Vi ser paven med bogen i h\u00e5nden og duen ved \u00f8ret, s\u00e5dan som kunsten ofte har fremstillet ham: lovgiveren, teologen og den myndige hyrde, der satte varige spor i den vestlige kirke. Hans navn forbindes med missionen til England, med liturgien, med gregoriansk sang og med en forst\u00e5else af paveembedet, som har levet videre gennem \u00e5rhundreder. Bag alle disse billeder stod et menneske, der ikke s\u00f8gte magten. Gregor l\u00e6ngtes efter den klostercelle, han havde forladt, og betragtede ikke embedet som en oph\u00f8jelse. Jo st\u00f8rre ansvar han fik, desto tydeligere s\u00e5 han sin egen utilstr\u00e6kkelighed. Det er her, hans storhed begynder.<\/p>\n\n\n\n<h2 class=\"wp-block-heading\">En romer mellem to tider<\/h2>\n\n\n\n<p class=\"wp-block-paragraph\">Gregor blev f\u00f8dt i Rom omkring \u00e5r 540 i en velst\u00e5ende og indflydelsesrig kristen familie. Byen levede endnu p\u00e5 mindet om det romerske riges storhed, men var m\u00e6rket af krige, sygdom og politisk opl\u00f8sning. Den gamle orden fandtes i bygningerne, embederne og lovene, mens den virkelige magt gled andre steder hen. Som ung gik Gregor ind i den offentlige forvaltning og n\u00e5ede frem til embedet som bypr\u00e6fekt. Han l\u00e6rte at administrere, tr\u00e6ffe afg\u00f8relser og holde en n\u00f8dlidende by i gang. Den erfaring fik senere stor betydning. En pave i det sjette \u00e5rhundredes Rom m\u00e5tte tage sig af langt mere end gudstjenester, teologi og kirkelige stridigheder. N\u00e5r de civile myndigheder svigtede, stod mennesker stadig uden korn, beskyttelse og fred.<\/p>\n\n\n\n<p class=\"wp-block-paragraph\">Karrieren tilfredsstillede ham ikke. Han opgav sin stilling, brugte sin formue p\u00e5 at grundl\u00e6gge klostre og omdannede familiens hus p\u00e5 Caeliush\u00f8jen til et kloster viet til apostlen Andreas. Her levede han som munk i b\u00f8n, bibell\u00e6sning og studium. Resten af livet s\u00e5 han tilbage p\u00e5 denne tid med en smertefuld l\u00e6ngsel. Stilheden havde l\u00e6rt ham at lytte, og den gav hans senere ord deres dybde. Kirken lod ham dog ikke blive i klosteret. Han blev diakon, udsendt som pavens repr\u00e6sentant i Konstantinopel og siden kaldt tilbage til Rom.<\/p>\n\n\n\n<p class=\"wp-block-paragraph\">Da pave Pelagius II d\u00f8de under en pestepidemi i 590, blev Gregor valgt som hans efterf\u00f8lger. Han gjorde modstand, for han kendte opgavens v\u00e6gt og frygtede for sin egen sj\u00e6l. Beretningerne om hans fors\u00f8g p\u00e5 at undg\u00e5 valget har siden f\u00e5et legendariske tr\u00e6k, men modviljen var \u00e6gte. Han \u00f8nskede ikke at blive pave og betragtede ikke et kirkeligt embede som en bel\u00f8nning. Den 3. september 590 blev han bispeviet og indsat som biskop af Rom. Det er denne dag, Kirken fejrer ham.<\/p>\n\n\n\n<h2 class=\"wp-block-heading\">Br\u00f8d, fanger og fred<\/h2>\n\n\n\n<p class=\"wp-block-paragraph\">Gregor overtog ansvaret for en by pr\u00e6get af oversv\u00f8mmelser, pest, sult og frygt for langobardernes h\u00e6re. Kejseren sad langt borte i Konstantinopel, og hans repr\u00e6sentanter kunne ikke sikre Rom. Gregor forhandlede med langobarderne, medvirkede til v\u00e5benhviler, s\u00f8rgede for korn til befolkningen og brugte Kirkens midler til at l\u00f8sk\u00f8be fanger. Fattige, flygtninge, pr\u00e6ster, munke og nonner modtog hj\u00e6lp fra den romerske kirkes besiddelser. Samtidig kr\u00e6vede han, at disse besiddelser blev forvaltet redeligt. Kirkens f\u00e6stere skulle beskyttes mod gr\u00e5dige administratorer, og uretm\u00e6ssige fortjenester skulle betales tilbage. Barmhjertighed kunne ikke finansieres med uretf\u00e6rdighed.<\/p>\n\n\n\n<p class=\"wp-block-paragraph\">Her tr\u00e6der en afg\u00f8rende side af Gregors tro frem. Han forlod ikke b\u00f8nnen, n\u00e5r han forhandlede om en v\u00e5benhvile eller s\u00f8rgede for korn. B\u00f8nnen blev omsat i ansvar. Den sultne kunne ikke spise en from hensigt, og den tilfangetagne blev ikke fri af et smukt ord. Kirkens jordiske midler skulle anvendes, s\u00e5 mennesker kunne erfare Kristi omsorg midt i deres n\u00f8d. Gregor gjorde sig hverken til feltherre eller verdslig konge. Han s\u00e5 et tomrum, som myndighederne havde efterladt, og tr\u00e5dte ind i det, fordi en hyrde ikke kan vende ryggen til sin hjord.<\/p>\n\n\n\n<p class=\"wp-block-paragraph\">Selv fjenden s\u00e5 han med hyrdens blik. Langobarderne udgjorde en alvorlig milit\u00e6r trussel, men de var ogs\u00e5 mennesker, som evangeliet skulle n\u00e5. Gregor s\u00f8gte fred og arbejdede for deres omvendelse, blandt andet gennem kontakten med den katolske dronning Theodelinde. Den samme missionsvilje f\u00f8rte til, at han sendte munken Augustin og hans ledsagere til England. En ber\u00f8mt overlevering fort\u00e6ller, at Gregor tidligere havde set lysh\u00e5rede angelsaksiske drenge p\u00e5 et slavemarked i Rom og sagt, at de ikke var <em>angli<\/em>, men <em>angeli<\/em> \u2013 ikke anglere, men engle. Fort\u00e6llingens enkelte detaljer kan ikke efterpr\u00f8ves, men den udtrykker pr\u00e6cist hans blik: Ingen folk stod uden for Kirkens ansvar og evangeliets l\u00f8fte.<\/p>\n\n\n\n<h2 class=\"wp-block-heading\">N\u00e5r ordet skal kunne h\u00f8res<\/h2>\n\n\n\n<p class=\"wp-block-paragraph\">Gregor var ingen skrivebordsteolog. Han skrev meget, men altid med et pastoralt sigte. Skriften var for ham ikke stof til l\u00e6rde \u00f8velser. Den skulle l\u00e6ses, s\u00e5 mennesket blev omvendt og f\u00f8rte ordet ud i livet. Viden uden ydmyghed kunne n\u00e6re stoltheden, og bibell\u00e6sning uden handling blev tom. Hans store kommentar til Jobs Bog, <em>Moralia in Iob<\/em>, fik vidtr\u00e6kkende betydning for middelalderens kristne t\u00e6nkning. I evangeliehomilierne, pr\u00e6dikenerne over Ezekiel og v\u00e6rket <em>Dialoger<\/em> forbandt han troens l\u00e6re med menneskers sorg, fristelser, pligter og h\u00e5b.<\/p>\n\n\n\n<p class=\"wp-block-paragraph\">Hans mest indflydelsesrige bog blev <em>Pastoralreglen<\/em>, som handler om biskoppens og sj\u00e6les\u00f8rgerens ansvar. Gregor kalder omsorgen for sj\u00e6lene for kunsternes kunst. Den kr\u00e6ver kendskab til det enkelte menneske, for det samme ord kan ikke siges p\u00e5 samme m\u00e5de til den frygtsomme og den overmodige, den rige og den fattige, den tavse og den talende. Sandheden er den samme, men mennesker h\u00f8rer den fra forskellige steder i livet. Hyrden m\u00e5 derfor kende dem, han taler til, og samtidig holde \u00f8je med sit eget liv. Ellers risikerer hans handlinger at modsige hans pr\u00e6diken.<\/p>\n\n\n\n<p class=\"wp-block-paragraph\">Gregor skrev, at pr\u00e6dikanten m\u00e5 dyppe sin pen i sit hjertes blod for at n\u00e5 sin n\u00e6stes \u00f8re. Ordene f\u00e5r v\u00e6gt, n\u00e5r de har kostet den talende noget. Det er en kr\u00e6vende m\u00e5lestok for enhver, der udtaler sig p\u00e5 Kirkens vegne. Veltalenhed kan imponere, og korrekte formuleringer kan vinde en strid. Evangeliet b\u00e6res videre af det menneske, som selv lader sig d\u00f8mme, tr\u00f8ste og forandre af det ord, han forkynder. Gregor kendte Skriften, fordi han havde levet med den. Hans teologi voksede ud af b\u00f8nnen og vendte tilbage til menneskers konkrete liv.<\/p>\n\n\n\n<p class=\"wp-block-paragraph\">Hans navn er ogs\u00e5 knyttet til den gregorianske sang. Han skabte ikke egenh\u00e6ndigt den sangtradition, der senere kom til at b\u00e6re hans navn, s\u00e5dan som \u00e6ldre fremstillinger undertiden har h\u00e6vdet. Sangformen blev til gennem en lang historisk udvikling, og Gregors pr\u00e6cise rolle kan ikke fastsl\u00e5s. Forbindelsen er alligevel meningsfuld. Den gregorianske sang lader bibelordet blive til Kirkens b\u00f8n, og for Gregor skulle det skrevne ord altid blive til et levet og bedt ord.<\/p>\n\n\n\n<h2 class=\"wp-block-heading\">Guds tjeneres tjener<\/h2>\n\n\n\n<p class=\"wp-block-paragraph\">Gregor kaldte sig <em>servus servorum Dei<\/em> \u2013 Guds tjeneres tjener. Ordene bruges fortsat blandt pavens titler. Hos ham var de ikke kirkelig h\u00f8flighed. De udtrykte hans syn p\u00e5 myndighed: Den, der f\u00e5r ansvar for andre, skal b\u00f8je sig dybere, fordi deres liv nu ber\u00f8rer hans samvittighed. Han advarede mod titler, der kunne f\u00e5 en biskop til at fremst\u00e5 h\u00e6vet over sine br\u00f8dre, og mente, at ydmyghed var n\u00f8dvendig for enhver kirkelig leder.<\/p>\n\n\n\n<p class=\"wp-block-paragraph\">Ydmygheden gjorde ham ikke ubeslutsom. Hans omfattende brevregister viser en pave, der fulgte store og sm\u00e5 sager med en n\u00e6sten ufattelig arbejdsdisciplin. Han irettesatte biskopper, gav administratorer detaljerede instrukser, beskyttede klostre og greb ind i konflikter over store dele af den kristne verden. Tjeneste kr\u00e6ver ogs\u00e5 mod til at beslutte og til at sige fra. En hyrde, der aldrig griber ind, overlader flokken til sig selv. Gregor kunne handle myndigt, fordi han ikke opfattede myndigheden som sin private ejendom. Han skulle selv afl\u00e6gge regnskab for den.<\/p>\n\n\n\n<p class=\"wp-block-paragraph\">Han udf\u00f8rte arbejdet med et skr\u00f8beligt helbred. Smerter og sygdom fulgte ham, og hans stemme var til tider s\u00e5 svag, at en diakon m\u00e5tte l\u00e6se pr\u00e6dikenen op for menigheden. Den st\u00e6rke pave var et fysisk sv\u00e6kket menneske. Han kunne ikke standse sin tids sammenbrud, l\u00f8se alle konflikter eller skabe den fred, han \u00f8nskede. Han s\u00f8rgede for, at Kirken blev st\u00e5ende hos mennesker, mens verden omkring dem vaklede.<\/p>\n\n\n\n<h2 class=\"wp-block-heading\">Hvorfor blev han den Store?<\/h2>\n\n\n\n<p class=\"wp-block-paragraph\">Gregor d\u00f8de den 12. marts 604 efter knap fjorten \u00e5r som pave. Langobarderne var ikke forsvundet, Rom var ikke igen blevet verdens m\u00e6gtigste by, og hans l\u00e6ngsel efter klosterets stilhed var aldrig blevet opfyldt. Hans efterm\u00e6le hviler heller ikke p\u00e5 en enkelt stor sejr. Det hviler p\u00e5 den m\u00e5de, han holdt sammen p\u00e5 det, som bestandig trues af adskillelse: b\u00f8n og arbejde, l\u00e6re og barmhjertighed, myndighed og ydmyghed, omsorg for sj\u00e6len og omsorg for det daglige br\u00f8d.<\/p>\n\n\n\n<p class=\"wp-block-paragraph\">Den 3. september fejrer Kirken en pave og kirkel\u00e6rer fra en fjern tid. Hans erfaring er stadig genkendelig. Institutioner vakler, krige driver mennesker p\u00e5 flugt, ord mister trov\u00e6rdighed, og ledere fristes til at dyrke magten eller flygte fra ansvaret. Gregor valgte en anden vej. Han tog imod et ansvar, han ikke \u00f8nskede, og bar det uden at g\u00f8re sig selv til centrum. Han vidste, at Kirken ikke tjener Kristus gennem sin anseelse, men ved at forkynde evangeliet, tage vare p\u00e5 de svage og blive hos mennesker, n\u00e5r deres verden falder sammen.<\/p>\n\n\n\n<p class=\"wp-block-paragraph\">Gregor blev kaldt den Store, fordi han aldrig betragtede storheden som sin egen. Han lod paveembedets h\u00f8jde blive m\u00e5lt med evangeliets m\u00e5l: Den st\u00f8rste skal v\u00e6re de andres tjener.<\/p>\n\n\n\n<p class=\"wp-block-paragraph\"><em>-karn<\/em><\/p>\n\n\n\n<div class=\"wp-block-group faktaboks is-layout-constrained wp-block-group-is-layout-constrained\">\n<h2 class=\"wp-block-heading\">Faktaboks: Sankt Gregor den Store<\/h2>\n\n\n\n<p class=\"wp-block-paragraph\"><strong>F\u00f8dt:<\/strong> Omkring \u00e5r 540 i Rom.<\/p>\n\n\n\n<p class=\"wp-block-paragraph\"><strong>D\u00f8d:<\/strong> 12. marts 604 i Rom.<\/p>\n\n\n\n<p class=\"wp-block-paragraph\"><strong>Pave:<\/strong> Fra 590 til 604. Han blev bispeviet og indsat som biskop af Rom den 3. september 590.<\/p>\n\n\n\n<p class=\"wp-block-paragraph\"><strong>Helgendag:<\/strong> 3. september.<\/p>\n\n\n\n<p class=\"wp-block-paragraph\"><strong>Titel:<\/strong> Pave og kirkel\u00e6rer. Han regnes blandt den vestlige kirkes fire store latinske kirkel\u00e6rere sammen med Ambrosius, Augustin og Hieronymus.<\/p>\n\n\n\n<p class=\"wp-block-paragraph\"><strong>Baggrund:<\/strong> Gregor kom fra en velst\u00e5ende romersk familie og gjorde karriere i byens forvaltning. Han blev bypr\u00e6fekt, men forlod senere det offentlige liv og omdannede familiens hus til et kloster. Han blev siden diakon, pavens udsending i Konstantinopel og til sidst pave.<\/p>\n\n\n\n<p class=\"wp-block-paragraph\"><strong>Kendt for:<\/strong> Gregor organiserede hj\u00e6lp til fattige og sultende, l\u00f8sk\u00f8bte fanger, forhandlede fred med langobarderne og sendte munken Augustin til England for at forkynde evangeliet. Han kaldte sig <em>servus servorum Dei<\/em> \u2013 Guds tjeneres tjener.<\/p>\n\n\n\n<p class=\"wp-block-paragraph\"><strong>Vigtigste skrifter:<\/strong> <em>Pastoralreglen<\/em>, <em>Moralia in Iob<\/em> om Jobs Bog, <em>Dialoger<\/em>, evangeliehomilier og pr\u00e6dikener over profeten Ezekiel. Desuden er omkring 800 af hans breve bevaret.<\/p>\n\n\n\n<p class=\"wp-block-paragraph\"><strong>Gregor og kirkesangen:<\/strong> Den gregorianske sang b\u00e6rer hans navn, men han skabte ikke alene denne sangtradition. Den blev udviklet gennem flere \u00e5rhundreder. Hans pr\u00e6cise betydning for dens tilblivelse er usikker.<\/p>\n\n\n\n<ul class=\"wp-block-list\">\n<li><strong>Hvad betyder et pastoralt sigte?<\/strong> Ordet <em>pastoral<\/em> kommer af det latinske <em>pastor<\/em>, som betyder hyrde. At skrive eller handle med et pastoralt sigte betyder, at m\u00e5let er at hj\u00e6lpe mennesker til at leve deres tro, finde vejledning og komme n\u00e6rmere Gud. Gregor skrev ikke teologi for at vise sin l\u00e6rdom eller alene for at forklare abstrakte l\u00e6res\u00e6tninger. Han ville vejlede biskopper, pr\u00e6ster og almindelige troende i deres konkrete liv. For ham skulle teologien f\u00f8re til b\u00f8n, omvendelse, ansvar og omsorg for n\u00e6sten.<\/li>\n<\/ul>\n<\/div>\n","protected":false},"excerpt":{"rendered":"<p>3. SEPTEMBER \u00b7 Sankt Gregor den Store l\u00e6ngtes efter klosterets stilhed, men blev pave i en tid med pest, sult og krig. Han forbandt b\u00f8n med konkret ansvar og kaldte sig Guds tjeneres tjener. Hans liv viser, at kirkelig myndighed f\u00f8rst bliver trov\u00e6rdig, n\u00e5r den b\u00e6res som tjeneste.<\/p>\n","protected":false},"author":1,"featured_media":23101,"comment_status":"closed","ping_status":"closed","sticky":false,"template":"","format":"standard","meta":{"_acf_changed":false,"_FSMCFIC_featured_image_caption":"Sankt Gregor den Store fremstilles ved skrivebordet, mens Kirkens hj\u00e6lp til de fattige finder sted udenfor. For Gregor skulle teologien f\u00f8re til b\u00f8n, ansvar og konkret omsorg for n\u00e6sten. Duen symboliserer Hellig\u00e5ndens inspiration. Illustration: arnkilde.dk\n","_FSMCFIC_featured_image_nocaption":"","_FSMCFIC_featured_image_hide":"","footnotes":""},"categories":[1131],"tags":[],"class_list":["post-23098","post","type-post","status-publish","format-standard","has-post-thumbnail","hentry","category-helgener-kirken"],"acf":[],"_links":{"self":[{"href":"https:\/\/arnkilde.dk\/index.php?rest_route=\/wp\/v2\/posts\/23098","targetHints":{"allow":["GET"]}}],"collection":[{"href":"https:\/\/arnkilde.dk\/index.php?rest_route=\/wp\/v2\/posts"}],"about":[{"href":"https:\/\/arnkilde.dk\/index.php?rest_route=\/wp\/v2\/types\/post"}],"author":[{"embeddable":true,"href":"https:\/\/arnkilde.dk\/index.php?rest_route=\/wp\/v2\/users\/1"}],"replies":[{"embeddable":true,"href":"https:\/\/arnkilde.dk\/index.php?rest_route=%2Fwp%2Fv2%2Fcomments&post=23098"}],"version-history":[{"count":6,"href":"https:\/\/arnkilde.dk\/index.php?rest_route=\/wp\/v2\/posts\/23098\/revisions"}],"predecessor-version":[{"id":23179,"href":"https:\/\/arnkilde.dk\/index.php?rest_route=\/wp\/v2\/posts\/23098\/revisions\/23179"}],"wp:featuredmedia":[{"embeddable":true,"href":"https:\/\/arnkilde.dk\/index.php?rest_route=\/wp\/v2\/media\/23101"}],"wp:attachment":[{"href":"https:\/\/arnkilde.dk\/index.php?rest_route=%2Fwp%2Fv2%2Fmedia&parent=23098"}],"wp:term":[{"taxonomy":"category","embeddable":true,"href":"https:\/\/arnkilde.dk\/index.php?rest_route=%2Fwp%2Fv2%2Fcategories&post=23098"},{"taxonomy":"post_tag","embeddable":true,"href":"https:\/\/arnkilde.dk\/index.php?rest_route=%2Fwp%2Fv2%2Ftags&post=23098"}],"curies":[{"name":"wp","href":"https:\/\/api.w.org\/{rel}","templated":true}]}}