{"id":23007,"date":"2026-09-01T05:47:29","date_gmt":"2026-09-01T03:47:29","guid":{"rendered":"https:\/\/arnkilde.dk\/?p=23007"},"modified":"2026-09-01T06:56:29","modified_gmt":"2026-09-01T04:56:29","slug":"skabervaerket","status":"publish","type":"post","link":"https:\/\/arnkilde.dk\/?p=23007","title":{"rendered":"Bededag for Skaberv\u00e6rket"},"content":{"rendered":"\n<h2 class=\"wp-block-heading\">Et ord for alt det, der findes \u2013 og for vores plads midt i det<\/h2>\n\n\n\n<p class=\"manchet wp-block-paragraph\">Den 1. september markerer Den Katolske Kirke sammen med ortodokse, anglikanske og protestantiske kristne bededagen for Skaberv\u00e6rket. Dagen indleder den \u00f8kumeniske skabelsestid og retter blikket mod hele den verden, vi er f\u00f8dt ind i: fra det mindste atom til de st\u00f8rste galakser. Ordet Skaberv\u00e6rket h\u00f8res sj\u00e6ldent i dag, selv om intet andet ord omfatter s\u00e5 meget.<\/p>\n\n\n\n<h3 class=\"wp-block-heading\">Det st\u00f8rste af de sj\u00e6ldne ord<\/h3>\n\n\n\n<p class=\"wp-block-paragraph\">Et af sprogets st\u00f8rste ord er samtidig et af de mindst brugte: Skaberv\u00e6rket. Vi m\u00f8der det is\u00e6r i kirken, i salmerne og i \u00e6ldre tekster. Alligevel findes der n\u00e6ppe et ord med st\u00f8rre r\u00e6kkevidde. Det omfatter atomet og galaksen, stenen p\u00e5 marken, fuglen over huset, menneskets krop og tanken, der g\u00f8r os i stand til at begribe en lille del af det hele. Bededagen indleder samtidig den \u00f8kumeniske skabelsestid, hvor katolske, ortodokse, anglikanske og protestantiske kristne samles om b\u00f8n og omsorg for jorden. Perioden varer frem til den 4. oktober, festen for den hellige Frans af Assisi, som s\u00e5 hele Skaberv\u00e6rket som en lovsang til Gud. Bededagen omfatter mere end skove, dyr, have og landskaber. Den g\u00e6lder alt det, der er blevet til: jorden under os, rummet over os og de kr\u00e6fter, som holder stjerner, planeter, celler og legemer sammen. Ogs\u00e5 mennesket h\u00f8rer med. Vi betragter ikke Skaberv\u00e6rket udefra. Vi befinder os midt i det og best\u00e5r af det samme stof som resten af verden.<\/p>\n\n\n\n<h3 class=\"wp-block-heading\">Mere end natur<\/h3>\n\n\n\n<p class=\"wp-block-paragraph\">N\u00e5r vi taler om naturen, mener vi ofte det, der begynder, hvor byen ender: skoven, stranden, heden og den \u00e5bne himmel. Skaberv\u00e6rket kan ikke afgr\u00e6nses p\u00e5 den m\u00e5de. Det findes ogs\u00e5 i byen, huset og den menneskeh\u00e5nd, som lagde stenene. Det omfatter det dyrkede og det vilde, det n\u00e6re og det ufatteligt fjerne. Det vand, vi drikker, har v\u00e6ret hav, sky, regn, flod, plante og blod. Grundstofferne i vores kroppe blev dannet i stjerner, l\u00e6nge f\u00f8r jorden og mennesket fandtes. Luften i vores lunger har passeret gennem tr\u00e6er, dyr og andre mennesker. Gr\u00e6nsen mellem os og verden er mindre fast, end den ser ud. Vi er blevet til af det, vi lever iblandt, og vores liv afh\u00e6nger af, at de store sammenh\u00e6nge omkring os best\u00e5r.<\/p>\n\n\n\n<h3 class=\"wp-block-heading\">Et v\u00e6rk er mere end en vare<\/h3>\n\n\n\n<p class=\"wp-block-paragraph\">Den religi\u00f8se betydning ligger allerede i ordets sidste led. Et v\u00e6rk kan betragtes, fortolkes og beundres. N\u00e5r verden kaldes et skaberv\u00e6rk, siges der samtidig noget om dens v\u00e6rdi. Skoven er mere end t\u00f8mmer, floden mere end vandforsyning, jorden mere end byggegrund og dyret mere end k\u00f8d. Ogs\u00e5 det, vi ikke kan bruge, har sin plads: billen under barken, svampen i skovbunden og en fjern klode, intet menneske nogensinde vil bes\u00f8ge. For den troende peger v\u00e6rket p\u00e5 en Skaber. Samtidig udfordrer ordet forestillingen om, at v\u00e6rdi altid afh\u00e6nger af nytte. Hvis verden har v\u00e6rdi i sig selv, findes der ogs\u00e5 en gr\u00e6nse for, hvad vi kan tillade os at g\u00f8re ved den. Det modtagne kan ikke behandles, som om det udelukkende var vores ejendom.<\/p>\n\n\n\n<h3 class=\"wp-block-heading\">De mindre ord<\/h3>\n\n\n\n<p class=\"wp-block-paragraph\">Vi taler oftere om milj\u00f8, klima, biodiversitet, r\u00e5stoffer og ressourcer. Det er n\u00f8dvendige og pr\u00e6cise ord. De g\u00f8r det muligt at m\u00e5le forurening, registrere temperaturstigninger, t\u00e6lle arter og beregne forbrug. Hvert ord beskriver dog kun et udsnit. Milj\u00f8et er det, der omgiver os. Klimaet er vejrets m\u00f8nstre over tid. Biodiversiteten er mangfoldigheden af levende arter. Ressourcerne er det, vi kan tage i brug. Skaberv\u00e6rket samler det adskilte og placerer mennesket midt i helheden. Ordet f\u00f8rer os fra administration og beregning til vores forhold til alt det, der lever og findes. De mindre ord kan indg\u00e5 i planer, rapporter og regneark. Det store ord forlanger, at vi tager stilling.<\/p>\n\n\n\n<h3 class=\"wp-block-heading\">Magtens m\u00e5l<\/h3>\n\n\n\n<p class=\"wp-block-paragraph\">Mennesket er en lille skabning i et um\u00e5deligt univers, men vores magt er blevet stor. Vi kan \u00e6ndre floders l\u00f8b, f\u00e6lde skove, flytte bjerge, udrydde arter og p\u00e5virke jordens klima. Vi kan se milliarder af \u00e5r tilbage i universets historie og gribe ind i livets mindste byggesten. Magtens sande m\u00e5l viser sig i det, vi v\u00e6lger at bevare. At v\u00e6re den st\u00e6rkeste giver ogs\u00e5 det st\u00f8rste ansvar. I den bibelske fort\u00e6lling f\u00e5r mennesket en s\u00e6rlig plads og opgaven at dyrke og vogte. Vi skal bruge uden at opbruge og give verden videre uden at g\u00f8re livet fattigere for dem, der kommer efter os. Skaberv\u00e6rket s\u00e6tter dermed en gr\u00e6nse for forestillingen om, at alt, hvad vi kan g\u00f8re, ogs\u00e5 b\u00f8r g\u00f8res.<\/p>\n\n\n\n<h3 class=\"wp-block-heading\">At se verden igen<\/h3>\n\n\n\n<p class=\"wp-block-paragraph\">De fleste m\u00f8der sj\u00e6ldent verden som en helhed. Vi m\u00f8der den opdelt i varer, matrikler, kilowatt, transportveje og produktionsk\u00e6der. Maden ligger indpakket, vandet kommer fra hanen, og lyset t\u00e6ndes ved et tryk. Afstanden mellem vores forbrug og det sted, hvor f\u00f8lgerne viser sig, er blevet stor. Vi ved mere om universet og livet end nogen generation f\u00f8r os. Viden kan forklare, hvordan et fr\u00f8 spirer, en celle deler sig, og en stjerne f\u00f8des. Forklaringen fjerner ikke forundringen over, at noget overhovedet findes, at det h\u00e6nger sammen, og at vi i et kort tidsrum har f\u00e5et lov til at v\u00e6re her. Bededag for Skaberv\u00e6rket kalder os til at genfinde dette blik. Skaberv\u00e6rket er spurven p\u00e5 taget, barnet ved vores h\u00e5nd, regnen mod ruden og lyset fra en fjern galakse. Det er det almindelige og det ufattelige samlet i \u00e9t ord. Det, vi betragter som vores ejendom, kan vi opbruge. Det, vi erkender som modtaget, m\u00f8der vi med st\u00f8rre varsomhed og taknemmelighed.<\/p>\n\n\n\n<p class=\"wp-block-paragraph\"><em>-karn<\/em><\/p>\n\n\n\n<div class=\"wp-block-group faktaboks is-layout-constrained wp-block-group-is-layout-constrained\">\n<h2 class=\"wp-block-heading\">FAKTABOKS: Hvad er den \u00f8kumeniske skabelsestid?<\/h2>\n\n\n\n<p class=\"wp-block-paragraph\">Skabelsestiden varer fra den 1. september til den 4. oktober. I denne periode samles katolske, ortodokse, anglikanske og protestantiske kristne om b\u00f8n, gudstjenester og konkrete handlinger for naturen og menneskets f\u00e6lles hjem. Ordet <em>\u00f8kumenisk<\/em> betyder, at initiativet g\u00e5r p\u00e5 tv\u00e6rs af de kristne kirkesamfund.<\/p>\n\n\n\n<p class=\"wp-block-paragraph\">Traditionen har sine r\u00f8dder i den ortodokse kirke. I 1989 udpegede den \u00f8kumeniske patriark Dimitrios I den 1. september som en dag for b\u00f8n for skaberv\u00e6rket. Pave Frans indf\u00f8rte i 2015 dagen i Den Katolske Kirke under navnet Verdensbededagen for omsorg for skaberv\u00e6rket. <a href=\"https:\/\/press.vatican.va\/content\/salastampa\/en\/bollettino\/pubblico\/2016\/09\/01\/160901b.html?utm_source=chatgpt.com\">Vatikanet<\/a><\/p>\n\n\n\n<p class=\"wp-block-paragraph\">Skabelsestiden slutter den 4. oktober, hvor Kirken fejrer den hellige Frans af Assisi. Han er kendt for sin k\u00e6rlighed til de fattige og sit n\u00e6re forhold til naturen. I hans lovsang til skaberv\u00e6rket omtales solen, m\u00e5nen, vinden, vandet og jorden som menneskets br\u00f8dre og s\u00f8stre.<\/p>\n\n\n\n<p class=\"wp-block-paragraph\">Skabelsestiden er ikke en liturgisk kirke\u00e5rstid p\u00e5 linje med advent og fastetiden. Den er en f\u00e6lles kristen periode, hvor b\u00f8nnen forbindes med eftertanke og ansvar: Hvordan bruger vi jordens ressourcer, hvordan rammer milj\u00f8\u00f8del\u00e6ggelser de fattigste, og hvordan kan vi selv v\u00e6rne bedre om det liv, Gud har skabt?<\/p>\n\n\n\n<p class=\"wp-block-paragraph\">Se hjemmesiden &#8220;https:\/\/seasonofcreation.org\/&#8221;<\/p>\n\n\n\n<p class=\"wp-block-paragraph\"><\/p>\n<\/div>\n\n\n\n<div class=\"wp-block-group faktaboks is-layout-constrained wp-block-group-is-layout-constrained\">\n<h2 class=\"wp-block-heading\">Faktaboks: Skaberv\u00e6rket i Bibelen<\/h2>\n\n\n\n<p class=\"wp-block-paragraph\"><strong>Skabelsen:<\/strong> Bibelen indledes med fort\u00e6llingen om, at Gud skaber himlen, jorden og alt levende. Efter skabelsen ser Gud p\u00e5 det skabte og erkl\u00e6rer, at det er meget godt.<br><em>F\u00f8rste Mosebog 1,1\u201331<\/em><\/p>\n\n\n\n<p class=\"wp-block-paragraph\"><strong>Menneskets opgave:<\/strong> Mennesket bliver sat i Edens Have for at dyrke og vogte den. Formuleringen rummer b\u00e5de retten til at bruge jorden og pligten til at passe p\u00e5 den.<br><em>F\u00f8rste Mosebog 2,15<\/em><\/p>\n\n\n\n<p class=\"wp-block-paragraph\"><strong>Jorden tilh\u00f8rer Gud:<\/strong> Skaberv\u00e6rket fremstilles ikke som menneskets ejendom. Jorden og alt, hvad den rummer, tilh\u00f8rer Gud.<br><em>Salmernes Bog 24,1\u20132<\/em><\/p>\n\n\n\n<p class=\"wp-block-paragraph\"><strong>Skaberv\u00e6rkets mangfoldighed:<\/strong> Salme 104 lovpriser Gud for havet, bjergene, dyrene, planterne, \u00e5rstiderne og menneskets liv. Salmen er en af Bibelens store digteriske skildringer af den skabte verden.<br><em>Salmernes Bog 104<\/em><\/p>\n\n\n\n<p class=\"wp-block-paragraph\"><strong>En verden st\u00f8rre end mennesket:<\/strong> I Jobs Bog bliver mennesket konfronteret med naturens kr\u00e6fter og med alt det, det hverken har skabt eller behersker.<br><em>Jobs Bog 38\u201339<\/em><\/p>\n\n\n\n<p class=\"wp-block-paragraph\"><strong>Skaberv\u00e6rket lider:<\/strong> Paulus beskriver hele skabningen som lidende og l\u00e6ngselsfuld. Menneskets sk\u00e6bne og den \u00f8vrige skabnings sk\u00e6bne er knyttet sammen.<br><em>Romerbrevet 8,19\u201323<\/em><\/p>\n\n\n\n<p class=\"wp-block-paragraph\"><strong>Alt h\u00e6nger sammen:<\/strong> I Det Nye Testamente beskrives Kristus som den, ved hvem alt er skabt, og som den, i hvem alting best\u00e5r.<br><em>Kolossenserbrevet 1,15\u201317<\/em><\/p>\n\n\n\n<p class=\"wp-block-paragraph\"><strong>En ny himmel og en ny jord:<\/strong> Bibelens sidste bog slutter med h\u00e5bet om, at skaberv\u00e6rket ikke bliver opgivet, men fornyet.<br><em>Johannes\u2019 \u00c5benbaring 21,1\u20135<\/em><\/p>\n<\/div>\n","protected":false},"excerpt":{"rendered":"<p>Den 1. september markerer Den Katolske Kirke sammen med andre kristne kirkesamfund bededagen for Skaberv\u00e6rket. Dagen indleder den \u00f8kumeniske skabelsestid og retter blikket mod hele den verden, vi har f\u00e5et betroet \u2013 fra det mindste atom til de st\u00f8rste galakser.<\/p>\n","protected":false},"author":1,"featured_media":23041,"comment_status":"closed","ping_status":"closed","sticky":false,"template":"","format":"standard","meta":{"_acf_changed":false,"_FSMCFIC_featured_image_caption":"Fra den mindste fugl til den st\u00f8rste galakse er skaberv\u00e6rket udtryk for en sammenh\u00e6ng, som mennesket ikke selv har frembragt, men har f\u00e5et betroet at v\u00e6rne om.","_FSMCFIC_featured_image_nocaption":"","_FSMCFIC_featured_image_hide":"","footnotes":""},"categories":[1247],"tags":[],"class_list":["post-23007","post","type-post","status-publish","format-standard","has-post-thumbnail","hentry","category-tro-liv"],"acf":[],"_links":{"self":[{"href":"https:\/\/arnkilde.dk\/index.php?rest_route=\/wp\/v2\/posts\/23007","targetHints":{"allow":["GET"]}}],"collection":[{"href":"https:\/\/arnkilde.dk\/index.php?rest_route=\/wp\/v2\/posts"}],"about":[{"href":"https:\/\/arnkilde.dk\/index.php?rest_route=\/wp\/v2\/types\/post"}],"author":[{"embeddable":true,"href":"https:\/\/arnkilde.dk\/index.php?rest_route=\/wp\/v2\/users\/1"}],"replies":[{"embeddable":true,"href":"https:\/\/arnkilde.dk\/index.php?rest_route=%2Fwp%2Fv2%2Fcomments&post=23007"}],"version-history":[{"count":14,"href":"https:\/\/arnkilde.dk\/index.php?rest_route=\/wp\/v2\/posts\/23007\/revisions"}],"predecessor-version":[{"id":23025,"href":"https:\/\/arnkilde.dk\/index.php?rest_route=\/wp\/v2\/posts\/23007\/revisions\/23025"}],"wp:featuredmedia":[{"embeddable":true,"href":"https:\/\/arnkilde.dk\/index.php?rest_route=\/wp\/v2\/media\/23041"}],"wp:attachment":[{"href":"https:\/\/arnkilde.dk\/index.php?rest_route=%2Fwp%2Fv2%2Fmedia&parent=23007"}],"wp:term":[{"taxonomy":"category","embeddable":true,"href":"https:\/\/arnkilde.dk\/index.php?rest_route=%2Fwp%2Fv2%2Fcategories&post=23007"},{"taxonomy":"post_tag","embeddable":true,"href":"https:\/\/arnkilde.dk\/index.php?rest_route=%2Fwp%2Fv2%2Ftags&post=23007"}],"curies":[{"name":"wp","href":"https:\/\/api.w.org\/{rel}","templated":true}]}}