{"id":23000,"date":"2026-08-30T16:09:37","date_gmt":"2026-08-30T14:09:37","guid":{"rendered":"https:\/\/arnkilde.dk\/?p=23000"},"modified":"2026-08-31T16:19:13","modified_gmt":"2026-08-31T14:19:13","slug":"paven-til-katolske-medier-digital-kommunikation-former-vores-faelles-bevidsthed","status":"publish","type":"post","link":"https:\/\/arnkilde.dk\/?p=23000","title":{"rendered":"Digital kommunikation former os"},"content":{"rendered":"\n<h2 class=\"wp-block-heading\">Pave Leo XIV opfordrer katolske mediefolk til at v\u00e6rne om sandheden og menneskets v\u00e6rdighed<\/h2>\n\n\n\n<p class=\"manchet wp-block-paragraph\">Omkring 300 katolske journalister, filmskabere, forskere, ordensfolk og mediefolk fra mere end 40 lande deltog i august i SIGNIS\u2019 verdenskongres i Rwanda. Pave Leo XIV mindede deltagerne om, at digitale medier former den kultur, hvori mennesker forst\u00e5r verden, hinanden og sig selv.<\/p>\n\n\n\n<h2 class=\"wp-block-heading\">Kommunikation kan \u00f8del\u00e6gge og skabe fred<\/h2>\n\n\n\n<p class=\"wp-block-paragraph\">For f\u00f8rste gang blev SIGNIS\u2019 verdenskongres afholdt p\u00e5 det afrikanske kontinent. Deltagerne m\u00f8dtes fra den 3. til den 8. august i Rwandas hovedstad Kigali under overskriften \u00bbDigital kommunikation for kulturel harmoni og milj\u00f8m\u00e6ssig trivsel\u00ab. Kongressen behandlede kunstig intelligens, digital forkyndelse, beskyttelse af b\u00f8rn p\u00e5 internettet, medieetik, fredsjournalistik og mediernes ansvar for skaberv\u00e6rket. Valget af Rwanda gav dr\u00f8ftelserne en s\u00e6rlig alvor. Under folkedrabet i 1994 blev radioen brugt til at sprede l\u00f8gne, had og opfordringer til vold. Landets senere historie er pr\u00e6get af en lang kamp for sandhed, erindring og forsoning. Kommunikationens magt har derfor en konkret betydning i Rwanda: Ord og billeder kan fratage mennesker deres v\u00e6rdighed og forberede volden, men de kan ogs\u00e5 g\u00f8re sandheden kendt og \u00e5bne vejen til fred.<\/p>\n\n\n\n<p class=\"wp-block-paragraph\">Deltagerne blev opfordret til at betragte deres arbejde som en tjeneste for mennesket. Katolsk kommunikation kan ikke m\u00e5les alene p\u00e5 r\u00e6kkevidde, antal visninger og placering i de digitale str\u00f8mme. Den skal give plads til mennesker, som sj\u00e6ldent bliver h\u00f8rt, og bringe begivenheder frem, som de kommercielle mediers systemer ikke regner for v\u00e6rdifulde. \u00c6rkebiskop Fortunatus Nwachukwu sagde, at katolske mediefolk f\u00f8rst m\u00e5 forst\u00e5 sig selv som Kristi disciple og dern\u00e6st som digitale formidlere. Kulturel harmoni kr\u00e6ver heller ikke, at forskelle udviskes, s\u00e5 alle tilpasser sig de samme digitale m\u00f8nstre. Menneskers sprog, historie og tro m\u00e5 f\u00e5 lov til at tr\u00e6de frem i det f\u00e6lles rum.<\/p>\n\n\n\n<h2 class=\"wp-block-heading\">Den digitale verden skaber kultur<\/h2>\n\n\n\n<p class=\"wp-block-paragraph\">Pave Leo XIV sendte gennem kardinalstatssekret\u00e6r Pietro Parolin en hilsen til kongressens deltagere. Her henviste paven til sin rundskrivelse <em>Magnifica Humanitas<\/em> om beskyttelsen af mennesket i den kunstige intelligens\u2019 tidsalder. Onlinekommunikation er if\u00f8lge paven mere end overf\u00f8rsel af oplysninger. Den skaber kultur, fordi den former menneskers opfattelse af verden og p\u00e5virker den f\u00e6lles bevidsthed. Valget af historier, billeder, overskrifter og digitale v\u00e6rkt\u00f8jer f\u00e5r betydning for, hvilke mennesker der bliver h\u00f8rt, hvad der bliver opfattet som sandt, og hvordan samfundet behandler dem, der har mindst magt.<\/p>\n\n\n\n<p class=\"wp-block-paragraph\">Leo XIV opfordrede katolske mediefolk til at udvikle arbejdsformer og redskaber, som bygger p\u00e5 sandhed og respekt for hvert menneskes v\u00e6rdighed. Deres arbejde skal bidrage til f\u00e6llesskab, fred og omsorg for skaberv\u00e6rket. Digitale platforme m\u00e5 derfor bed\u00f8mmes efter, om de tjener det f\u00e6lles gode. Hastighed og stor r\u00e6kkevidde kan v\u00e6re nyttige, men de siger intet om en meddelelses sandhed eller v\u00e6rdi. Et budskab kan n\u00e5 millioner og stadig v\u00e6re l\u00f8gnagtigt, nedv\u00e6rdigende eller \u00f8del\u00e6ggende. Det ansvar forsvinder ikke, fordi formidlingen sker gennem en maskine eller en platform.<\/p>\n\n\n\n<h2 class=\"wp-block-heading\">Kunstig intelligens handler om mennesket<\/h2>\n\n\n\n<p class=\"wp-block-paragraph\">Nata\u0161a Govekar, teologisk-pastoral direkt\u00f8r i Vatikanets kommunikationsdikasterium, talte om pavens rundskrivelse og Kirkens m\u00f8de med kunstig intelligens. Hun sammenfattede emnet i en kort s\u00e6tning: \u00bbKerneudfordringen ved kunstig intelligens er ikke teknologisk, men antropologisk.\u00ab Ordet antropologisk handler her om forst\u00e5elsen af mennesket. Det afg\u00f8rende er, hvad teknologien g\u00f8r ved vores syn p\u00e5 menneskelig v\u00e6rdighed, ansvar, arbejde, sprog og f\u00e6llesskab. Kunstig intelligens kan hj\u00e6lpe med overs\u00e6ttelse, research, undervisning og formidling, men ansvaret for sandhed, d\u00f8mmekraft og samvittighed bliver hos mennesket.<\/p>\n\n\n\n<p class=\"wp-block-paragraph\">N\u00e5r maskiner fremstiller tekster, billeder, film og stemmer, bliver det n\u00f8dvendigt at kunne se, hvem der st\u00e5r bag, hvilke oplysninger der er brugt, og hvem der tager ansvaret for resultatet. Et menneske kan ikke reduceres til data eller behandles som r\u00e5stof for digitale systemer. Den katolske vurdering af kunstig intelligens begynder derfor med menneskets ukr\u00e6nkelige v\u00e6rdighed. Teknologien skal tjene mennesket og det f\u00e6lles gode. Hvis den bruges til manipulation, overv\u00e5gning, l\u00f8gn eller nedvurdering af menneskeligt arbejde, har den overskredet en gr\u00e6nse, uanset hvor effektiv den er.<\/p>\n\n\n\n<h2 class=\"wp-block-heading\">Ordenss\u00f8strene fort\u00e6ller med deres egen stemme<\/h2>\n\n\n\n<p class=\"wp-block-paragraph\">Vatikanets kommunikationsdikasterium deltog i kongressen gennem Pentecost Project, der st\u00f8tter katolske ordenss\u00f8stre i at fort\u00e6lle om deres arbejde. En international gruppe af s\u00f8stre d\u00e6kkede kongressen for Vatican News og fik praktisk erfaring med journalistik og digital formidling. S\u00f8ster Jane Wakahiu fra Conrad N. Hilton Foundation fortalte, at ordenss\u00f8strenes liv og arbejde gennem generationer ofte er blevet beskrevet af andre. S\u00f8strene har selv erfaringerne, sproget og det n\u00e6re kendskab til de mennesker, de lever iblandt. De kan fort\u00e6lle fra landsbyer, fattige storbyomr\u00e5der, flygtningelejre og konfliktzoner, som kun sj\u00e6ldent f\u00e5r plads i de store medier.<\/p>\n\n\n\n<p class=\"wp-block-paragraph\">Pentecost Project hj\u00e6lper ordenss\u00f8stre med journalistisk uddannelse og offentligg\u00f8r deres beretninger gennem Vatikanets medier. Fort\u00e6llingerne handler om mennesker, som s\u00f8strene ledsager i hverdagen: syge, fattige, b\u00f8rn, flygtninge og familier, der lever med krig eller forf\u00f8lgelse. Kommunikation bliver p\u00e5 den m\u00e5de en del af Kirkens tjeneste. Den g\u00f8r oversete liv synlige og lader mennesker komme til orde gennem nogen, der kender deres virkelighed. S\u00f8strenes opgave er heller ikke at fremstille sig selv som helte, men at fort\u00e6lle sandt om det liv, den tro og det h\u00e5b, de deler med andre.<\/p>\n\n\n\n<h2 class=\"wp-block-heading\">Ny international ledelse<\/h2>\n\n\n\n<p class=\"wp-block-paragraph\">Under generalforsamlingen valgte SIGNIS en ny international ledelse. Den nigerianske pr\u00e6st Walter Chikwendu Ihejirika blev pr\u00e6sident. Pamela Alem\u00e1n fra Canada og Magimai Pragasam fra Indien blev vicepr\u00e6sidenter, Peter Rachada Monthienvichienchai fra Thailand forts\u00e6tter som generalsekret\u00e6r, og Adriana R\u0103c\u0103\u0219an fra Rum\u00e6nien blev valgt som kasserer. Sammens\u00e6tningen afspejler SIGNIS\u2019 verdensomsp\u00e6ndende arbejde og forbindelsen mellem katolske mediefolk p\u00e5 tv\u00e6rs af sprog, lande og medieformer.<\/p>\n\n\n\n<p class=\"wp-block-paragraph\">Kongressen i Kigali viste samtidig, at Kirkens kommunikation ikke har \u00e9t geografisk centrum. Erfaringer og fort\u00e6llinger fra Afrika, Asien og Latinamerika h\u00f8rer med til den verdensomsp\u00e6ndende Kirkes f\u00e6lles liv. Katolske medier har til opgave at skabe forbindelser mellem disse erfaringer og lade dem m\u00f8des i sandhed. Teknologien kan hj\u00e6lpe dem med at n\u00e5 hinanden, men den kan ikke skabe det menneskelige f\u00e6llesskab, som al sand kommunikation bygger p\u00e5.<\/p>\n\n\n\n<p class=\"wp-block-paragraph\"><em>-karn<\/em><\/p>\n\n\n\n<p class=\"wp-block-paragraph\"><em>Kilde: Dikastriet for kommunikation<\/em><\/p>\n\n\n\n<div class=\"wp-block-group faktaboks is-layout-constrained wp-block-group-is-layout-constrained\">\n<h2 class=\"wp-block-heading\">FAKTA: Hvad er SIGNIS?<\/h2>\n\n\n\n<p class=\"wp-block-paragraph\">SIGNIS er den verdensomsp\u00e6ndende katolske sammenslutning for kommunikation. Organisationen samler journalister, filmskabere, radio- og tv-folk, forskere, undervisere og digitale formidlere.<\/p>\n\n\n\n<p class=\"wp-block-paragraph\">SIGNIS blev oprettet i 2001 ved en sammenl\u00e6gning af OCIC, der arbejdede med film, og Unda, der arbejdede med radio og fjernsyn. Begge organisationer havde r\u00f8dder tilbage til 1928.<\/p>\n\n\n\n<p class=\"wp-block-paragraph\">Medlemmerne er organiseret i Afrika, Asien, Europa, Latinamerika, Nordamerika og Stillehavsomr\u00e5det. Organisationens verdenskongres afholdes hvert fjerde \u00e5r.<\/p>\n\n\n\n<p class=\"wp-block-paragraph\">Kongressen i Kigali samlede omkring 300 deltagere fra mere end 40 lande og var den f\u00f8rste SIGNIS-verdenskongres p\u00e5 afrikansk jord.<\/p>\n<\/div>\n\n\n\n<p class=\"wp-block-paragraph\"><\/p>\n\n\n\n<p class=\"wp-block-paragraph\"><\/p>\n","protected":false},"excerpt":{"rendered":"<p>Omkring 300 katolske mediefolk fra mere end 40 lande m\u00f8dtes i Rwanda for at dr\u00f8fte kunstig intelligens, sandhed og menneskelig v\u00e6rdighed. Pave Leo XIV understregede, at digitale medier skaber kultur og former den f\u00e6lles bevidsthed. Teknologien skal tjene mennesket og det f\u00e6lles gode.<\/p>\n","protected":false},"author":1,"featured_media":23002,"comment_status":"closed","ping_status":"closed","sticky":false,"template":"","format":"standard","meta":{"_acf_changed":false,"_FSMCFIC_featured_image_caption":"","_FSMCFIC_featured_image_nocaption":"","_FSMCFIC_featured_image_hide":"","footnotes":""},"categories":[1123],"tags":[],"class_list":["post-23000","post","type-post","status-publish","format-standard","has-post-thumbnail","hentry","category-nyheder-verden"],"acf":[],"_links":{"self":[{"href":"https:\/\/arnkilde.dk\/index.php?rest_route=\/wp\/v2\/posts\/23000","targetHints":{"allow":["GET"]}}],"collection":[{"href":"https:\/\/arnkilde.dk\/index.php?rest_route=\/wp\/v2\/posts"}],"about":[{"href":"https:\/\/arnkilde.dk\/index.php?rest_route=\/wp\/v2\/types\/post"}],"author":[{"embeddable":true,"href":"https:\/\/arnkilde.dk\/index.php?rest_route=\/wp\/v2\/users\/1"}],"replies":[{"embeddable":true,"href":"https:\/\/arnkilde.dk\/index.php?rest_route=%2Fwp%2Fv2%2Fcomments&post=23000"}],"version-history":[{"count":5,"href":"https:\/\/arnkilde.dk\/index.php?rest_route=\/wp\/v2\/posts\/23000\/revisions"}],"predecessor-version":[{"id":23006,"href":"https:\/\/arnkilde.dk\/index.php?rest_route=\/wp\/v2\/posts\/23000\/revisions\/23006"}],"wp:featuredmedia":[{"embeddable":true,"href":"https:\/\/arnkilde.dk\/index.php?rest_route=\/wp\/v2\/media\/23002"}],"wp:attachment":[{"href":"https:\/\/arnkilde.dk\/index.php?rest_route=%2Fwp%2Fv2%2Fmedia&parent=23000"}],"wp:term":[{"taxonomy":"category","embeddable":true,"href":"https:\/\/arnkilde.dk\/index.php?rest_route=%2Fwp%2Fv2%2Fcategories&post=23000"},{"taxonomy":"post_tag","embeddable":true,"href":"https:\/\/arnkilde.dk\/index.php?rest_route=%2Fwp%2Fv2%2Ftags&post=23000"}],"curies":[{"name":"wp","href":"https:\/\/api.w.org\/{rel}","templated":true}]}}