{"id":17837,"date":"2026-05-24T05:22:02","date_gmt":"2026-05-24T05:22:02","guid":{"rendered":"https:\/\/arnkilde.dk\/?p=17837"},"modified":"2026-07-12T21:37:02","modified_gmt":"2026-07-12T19:37:02","slug":"helligaanden-bibelen-og-kirkens-identitet","status":"publish","type":"post","link":"https:\/\/arnkilde.dk\/?p=17837","title":{"rendered":"Hellig\u00e5nden, Bibelen og Kirkens identitet"},"content":{"rendered":"\n<h2 class=\"wp-block-heading\">Om Hellig\u00e5nden, Bibelen og Kirken som det nye Guds folk i den evige p\u00e5sketid.<\/h2>\n\n\n\n<p class=\"manchet wp-block-paragraph\">I en pr\u00e6diken dagen f\u00f8r pinse p\u00e5 Vor Frue Kloster beskrev pr\u00e6st Lars Messerschmidt p\u00e5sketiden som begyndelsen p\u00e5 en \u201cevig p\u00e5sketid\u201d, hvor Kristus fortsat virker gennem Hellig\u00e5nden, Bibelen og Kirken. Med udgangspunkt i p\u00e5skens og pinsens budskab reflekterede han over, hvad det vil sige b\u00e5de at v\u00e6re kristen og at tilh\u00f8re et folk formet af Guds ord.<\/p>\n\n\n\n<p class=\"wp-block-paragraph\">Han beskrev p\u00e5sketiden som et \u201ckursus\u201d i, hvad det vil sige at v\u00e6re b\u00e5de kristen og kirke. Kristendommen handler, understregede han, ikke kun om det enkelte menneskes tro, men ogs\u00e5 om et f\u00e6llesskab, der samles omkring Kristus og Hellig\u00e5ndens fortsatte virke i verden.<\/p>\n\n\n\n<p class=\"wp-block-paragraph\">Med udgangspunkt i Apostlenes Gerninger pegede han p\u00e5, at Kirken begyndte som en lille flok p\u00e5 omkring 120 disciple efter Kristi himmelfart. Alligevel voksede dette f\u00e6llesskab til en verdensomsp\u00e6ndende kirke, fordi Hellig\u00e5nden fortsatte Jesu gerning i verden.<\/p>\n\n\n\n<p class=\"wp-block-paragraph\">Pr\u00e6dikenen fremh\u00e6vede ogs\u00e5, at p\u00e5sken ikke blot er en liturgisk periode, som afsluttes ved pinse, men begyndelsen p\u00e5 en \u201cevig p\u00e5sketid\u201d, der varer indtil Kristi genkomst. Pinsedagen markerer derfor ikke afslutningen, men begyndelsen p\u00e5 Kirkens liv i Hellig\u00e5ndens kraft.<\/p>\n\n\n\n<p class=\"wp-block-paragraph\">Et centralt tema i pr\u00e6dikenen var forst\u00e5elsen af Kirken som det \u201cnye Israel\u201d \u2014 det nye Guds folk, som anerkender Jesus som konge. Lars Messerschmidt understregede, at denne identitet ikke f\u00f8rst og fremmest er national eller politisk, men teologisk og \u00e5ndelig.<\/p>\n\n\n\n<p class=\"wp-block-paragraph\">Han pegede videre p\u00e5 Bibelen som det afg\u00f8rende grundlag for Kirkens identitet. If\u00f8lge pr\u00e6dikenen er det gennem Skriften og Hellig\u00e5nden, at Kristus fortsat underviser og vejleder sit folk. Kirkens udfordring i dag er derfor, mente han, at mange kristne ikke l\u00e6ngere l\u00e6ser Bibelen p\u00e5 den m\u00e5de, der former et levende kristent f\u00e6llesskab.<\/p>\n\n\n\n<p class=\"wp-block-paragraph\">Pr\u00e6dikenen sluttede med en understregning af, at Kirken m\u00e5 lade sig styre af b\u00e5de Guds ord og Hellig\u00e5nden. Det er gennem disse to, at Kristus fortsat leder sit folk og holder den \u201cevige p\u00e5sketid\u201d levende i verden.<\/p>\n\n\n\n<p class=\"wp-block-paragraph\"><em>-karn<\/em><\/p>\n\n\n\n<p class=\"wp-block-paragraph\"><\/p>\n\n\n\n<h2 class=\"wp-block-heading\">Lyt til pr\u00e6diken under grafikken:<\/h2>\n\n\n\n<figure class=\"wp-block-image size-full\"><img loading=\"lazy\" decoding=\"async\" width=\"500\" height=\"333\" src=\"https:\/\/arnkilde.dk\/wp-content\/uploads\/2026\/05\/podcast_500.webp\" alt=\"\" class=\"wp-image-17685\" srcset=\"https:\/\/arnkilde.dk\/wp-content\/uploads\/2026\/05\/podcast_500.webp 500w, https:\/\/arnkilde.dk\/wp-content\/uploads\/2026\/05\/podcast_500-300x200.webp 300w, https:\/\/arnkilde.dk\/wp-content\/uploads\/2026\/05\/podcast_500-150x100.webp 150w, https:\/\/arnkilde.dk\/wp-content\/uploads\/2026\/05\/podcast_500-330x220.webp 330w, https:\/\/arnkilde.dk\/wp-content\/uploads\/2026\/05\/podcast_500-420x280.webp 420w\" sizes=\"auto, (max-width: 500px) 100vw, 500px\" \/><\/figure>\n\n\n\n<figure class=\"wp-block-audio\"><audio controls src=\"https:\/\/arnkilde.dk\/wp-content\/uploads\/2026\/05\/lm_2026_05_23_2.mp3\"><\/audio><\/figure>\n\n\n\n<p class=\"has-text-align-center wp-block-paragraph\"><strong>L\u00e6sning: ApG 28,16-20, 30-31 | Evangelium: Joh. 21,20-25<\/strong><\/p>\n\n\n\n<p class=\"wp-block-paragraph\"><\/p>\n","protected":false},"excerpt":{"rendered":"<p>Pr\u00e6st Lars Messerschmidt beskrev i en pr\u00e6diken dagen f\u00f8r pinse p\u00e5 Vor Frue Kloster p\u00e5sketiden som begyndelsen p\u00e5 en \u201cevig p\u00e5sketid\u201d, hvor Kristus fortsat virker gennem Hellig\u00e5nden, Bibelen og Kirken. Pr\u00e6dikenen kredsede om Kirkens identitet som det nye Guds folk og n\u00f8dvendigheden af at lade Guds ord forme det kristne liv.<\/p>\n","protected":false},"author":1,"featured_media":16832,"comment_status":"closed","ping_status":"closed","sticky":false,"template":"","format":"standard","meta":{"_acf_changed":false,"_FSMCFIC_featured_image_caption":"Pr\u00e6st og katolsk teolog Lars Messerschmidt | Foto: Kuno Arnkilde","_FSMCFIC_featured_image_nocaption":"","_FSMCFIC_featured_image_hide":"","footnotes":""},"categories":[1163],"tags":[],"class_list":["post-17837","post","type-post","status-publish","format-standard","has-post-thumbnail","hentry","category-praest-lars-messerschmidt"],"acf":[],"_links":{"self":[{"href":"https:\/\/arnkilde.dk\/index.php?rest_route=\/wp\/v2\/posts\/17837","targetHints":{"allow":["GET"]}}],"collection":[{"href":"https:\/\/arnkilde.dk\/index.php?rest_route=\/wp\/v2\/posts"}],"about":[{"href":"https:\/\/arnkilde.dk\/index.php?rest_route=\/wp\/v2\/types\/post"}],"author":[{"embeddable":true,"href":"https:\/\/arnkilde.dk\/index.php?rest_route=\/wp\/v2\/users\/1"}],"replies":[{"embeddable":true,"href":"https:\/\/arnkilde.dk\/index.php?rest_route=%2Fwp%2Fv2%2Fcomments&post=17837"}],"version-history":[{"count":10,"href":"https:\/\/arnkilde.dk\/index.php?rest_route=\/wp\/v2\/posts\/17837\/revisions"}],"predecessor-version":[{"id":17848,"href":"https:\/\/arnkilde.dk\/index.php?rest_route=\/wp\/v2\/posts\/17837\/revisions\/17848"}],"wp:featuredmedia":[{"embeddable":true,"href":"https:\/\/arnkilde.dk\/index.php?rest_route=\/wp\/v2\/media\/16832"}],"wp:attachment":[{"href":"https:\/\/arnkilde.dk\/index.php?rest_route=%2Fwp%2Fv2%2Fmedia&parent=17837"}],"wp:term":[{"taxonomy":"category","embeddable":true,"href":"https:\/\/arnkilde.dk\/index.php?rest_route=%2Fwp%2Fv2%2Fcategories&post=17837"},{"taxonomy":"post_tag","embeddable":true,"href":"https:\/\/arnkilde.dk\/index.php?rest_route=%2Fwp%2Fv2%2Ftags&post=17837"}],"curies":[{"name":"wp","href":"https:\/\/api.w.org\/{rel}","templated":true}]}}