{"id":17439,"date":"2026-05-06T10:38:26","date_gmt":"2026-05-06T10:38:26","guid":{"rendered":"https:\/\/arnkilde.dk\/?p=17439"},"modified":"2026-07-11T13:28:36","modified_gmt":"2026-07-11T11:28:36","slug":"fejring-af-125-aar-med-montfortanerne-i-danmark","status":"publish","type":"post","link":"https:\/\/arnkilde.dk\/?p=17439","title":{"rendered":"Fejring af 125 \u00e5r med montfortanerne i Danmark"},"content":{"rendered":"\n<p class=\"manchet wp-block-paragraph\">125 \u00e5r efter montfortanernes ankomst til Danmark blev jubil\u00e6et fejret med h\u00f8jmesse, andagt og f\u00e6llesskab i Sankt Laurentii Kirke i Roskilde. Dagen samlede b\u00e5de danske og internationale g\u00e6ster omkring mindet om ordenens historie, forbindelsen til tidligere generationer og b\u00f8nnen for Kirkens fremtidige mission.<\/p>\n\n\n\n<p class=\"wp-block-paragraph\">Til jubil\u00e6umsfesten d. 04. maj i anledning af 125-\u00e5ret for montfortanernes komme til Danmark havde mange mennesker fundet vej til festmessen i Sankt Laurentii Kirke i Roskilde.<\/p>\n\n\n\n<p class=\"wp-block-paragraph\">Nogle havde allerede p\u00e5 forh\u00e5nd indfundet sig p\u00e5 kirkeg\u00e5rden ved montfortanernes og Visdomsd\u00f8trenes gravsteder, hvor der under p. Stephens ledelse blev holdt en lille andagt, og hvor ordenens generalvikar p. Marco best\u00e6nkede pr\u00e6sternes grave og p. Charles s\u00f8strenes grave med vievand \u2013 24 grave i alt. Samtlige kors var blevet nymalede af en ex-montfortaners to s\u00f8nner og et barnebarn. Dejligt, at forbindelsen bevares.<\/p>\n\n\n\n<p class=\"wp-block-paragraph\">Ved festmessen stod omkring alteret Montfortkommunitetets to pr\u00e6ster, de to pr\u00e6ster fra Rom og Holland samt de nuv\u00e6rende sognepr\u00e6ster i Roskilde og p\u00e5 Vestsj\u00e6lland.<\/p>\n\n\n\n<p class=\"wp-block-paragraph\">P. Marco pr\u00e6dikede, og Ida Koefoed spillede orgel. At begyndelsen i Danmark blev gjort af montfortanere fra Sydholland (Limburg), h\u00f8rtes ved, at pr\u00e6ludiet var Limburgs nationalsang, at Annelies van der Meer sang &#8220;Sterre der Zee&#8221;, og at postludiet var de hollandske montfortaneres slagsang &#8220;Anim\u00e9s de l\u2019amour&#8221;.<\/p>\n\n\n\n<p class=\"wp-block-paragraph\">At fremtiden ligger i Guds h\u00e5nd, kom til udtryk gennem Montforts &#8220;br\u00e6ndende b\u00f8n&#8221; om ivrige missionspr\u00e6ster, som blev bedt med inderlighed.<\/p>\n\n\n\n<p class=\"wp-block-paragraph\">Efter den n\u00e6sten to timer lange gudstjeneste, som sluttede med et budskab fra montfortanerne i Holland ved p. Charles og fra Visdomsd\u00f8trenes generalforstanderinde i Paris, var der en fornem reception i menighedssalen, arrangeret af Niels Holbek med familie, inden rosenkransen blev bedt over Zoom.<\/p>\n\n\n\n<p class=\"wp-block-paragraph\">Det blev en dejlig aften.<\/p>\n\n\n\n<p class=\"wp-block-paragraph\"><em>Tekst og billeder: P. Stephen Holm &#8211; gengivet med tilladelse<\/em><\/p>\n\n\n\n<figure class=\"wp-block-image size-large\"><img loading=\"lazy\" decoding=\"async\" width=\"1024\" height=\"683\" src=\"https:\/\/arnkilde.dk\/wp-content\/uploads\/2026\/05\/montfort_7_1536x1024-1024x683.webp\" alt=\"\" class=\"wp-image-17444\" srcset=\"https:\/\/arnkilde.dk\/wp-content\/uploads\/2026\/05\/montfort_7_1536x1024-1024x683.webp 1024w, https:\/\/arnkilde.dk\/wp-content\/uploads\/2026\/05\/montfort_7_1536x1024-300x200.webp 300w, https:\/\/arnkilde.dk\/wp-content\/uploads\/2026\/05\/montfort_7_1536x1024-768x512.webp 768w, https:\/\/arnkilde.dk\/wp-content\/uploads\/2026\/05\/montfort_7_1536x1024-150x100.webp 150w, https:\/\/arnkilde.dk\/wp-content\/uploads\/2026\/05\/montfort_7_1536x1024-330x220.webp 330w, https:\/\/arnkilde.dk\/wp-content\/uploads\/2026\/05\/montfort_7_1536x1024-420x280.webp 420w, https:\/\/arnkilde.dk\/wp-content\/uploads\/2026\/05\/montfort_7_1536x1024-510x340.webp 510w, https:\/\/arnkilde.dk\/wp-content\/uploads\/2026\/05\/montfort_7_1536x1024.webp 1536w\" sizes=\"auto, (max-width: 1024px) 100vw, 1024px\" \/><\/figure>\n\n\n\n<p class=\"wp-block-paragraph\"><\/p>\n","protected":false},"excerpt":{"rendered":"<p>Montfortanernes 125-\u00e5rs jubil\u00e6um i Danmark blev markeret med festmesse, andagt ved gravstederne og reception i Sankt Laurentii Kirke i Roskilde. Dagen samlede pr\u00e6ster, ordensfolk og troende omkring taknemmeligheden for ordenens historie i Danmark \u2013 og b\u00f8nnen for dens fremtidige mission.<\/p>\n","protected":false},"author":1,"featured_media":17442,"comment_status":"closed","ping_status":"closed","sticky":false,"template":"","format":"standard","meta":{"_acf_changed":false,"_FSMCFIC_featured_image_caption":"","_FSMCFIC_featured_image_nocaption":"","_FSMCFIC_featured_image_hide":"","footnotes":""},"categories":[1125],"tags":[],"class_list":["post-17439","post","type-post","status-publish","format-standard","has-post-thumbnail","hentry","category-kirkeliv-kirken"],"acf":[],"_links":{"self":[{"href":"https:\/\/arnkilde.dk\/index.php?rest_route=\/wp\/v2\/posts\/17439","targetHints":{"allow":["GET"]}}],"collection":[{"href":"https:\/\/arnkilde.dk\/index.php?rest_route=\/wp\/v2\/posts"}],"about":[{"href":"https:\/\/arnkilde.dk\/index.php?rest_route=\/wp\/v2\/types\/post"}],"author":[{"embeddable":true,"href":"https:\/\/arnkilde.dk\/index.php?rest_route=\/wp\/v2\/users\/1"}],"replies":[{"embeddable":true,"href":"https:\/\/arnkilde.dk\/index.php?rest_route=%2Fwp%2Fv2%2Fcomments&post=17439"}],"version-history":[{"count":6,"href":"https:\/\/arnkilde.dk\/index.php?rest_route=\/wp\/v2\/posts\/17439\/revisions"}],"predecessor-version":[{"id":17447,"href":"https:\/\/arnkilde.dk\/index.php?rest_route=\/wp\/v2\/posts\/17439\/revisions\/17447"}],"wp:featuredmedia":[{"embeddable":true,"href":"https:\/\/arnkilde.dk\/index.php?rest_route=\/wp\/v2\/media\/17442"}],"wp:attachment":[{"href":"https:\/\/arnkilde.dk\/index.php?rest_route=%2Fwp%2Fv2%2Fmedia&parent=17439"}],"wp:term":[{"taxonomy":"category","embeddable":true,"href":"https:\/\/arnkilde.dk\/index.php?rest_route=%2Fwp%2Fv2%2Fcategories&post=17439"},{"taxonomy":"post_tag","embeddable":true,"href":"https:\/\/arnkilde.dk\/index.php?rest_route=%2Fwp%2Fv2%2Ftags&post=17439"}],"curies":[{"name":"wp","href":"https:\/\/api.w.org\/{rel}","templated":true}]}}