{"id":17160,"date":"2026-04-22T11:07:14","date_gmt":"2026-04-22T11:07:14","guid":{"rendered":"https:\/\/arnkilde.dk\/?p=17160"},"modified":"2026-07-11T18:43:07","modified_gmt":"2026-07-11T16:43:07","slug":"markant-stigning-i-sene-aborter-efter-ny-lov","status":"publish","type":"post","link":"https:\/\/arnkilde.dk\/?p=17160","title":{"rendered":"Markant stigning i sene aborter efter ny lov"},"content":{"rendered":"\n<p class=\"manchet wp-block-paragraph\">Antallet af aborter mellem uge 12 og 18 uge er steget markant efter \u00e6ndringen af abortgr\u00e6nsen. Lovgivningen har flyttet beslutningen \u2013 men ikke det etiske sp\u00f8rgsm\u00e5l, som if\u00f8lge katolsk forst\u00e5else g\u00e6lder fra begyndelsen og ikke \u00e6ndres med tiden.<\/p>\n\n\n\n<h2 class=\"wp-block-heading\">En tydelig forskydning<\/h2>\n\n\n\n<p class=\"wp-block-paragraph\">De f\u00f8rste tal efter \u00e6ndringen af abortgr\u00e6nsen tegner et klart billede: flere aborter finder nu sted senere i graviditeten. I 2025 fik 505 kvinder foretaget en abort mellem uge 12 og 18 uge \u2013 en stigning p\u00e5 46 procent sammenlignet med \u00e5ret f\u00f8r. Det er en markant \u00e6ndring, selv om det samlede antal aborter kun er steget svagt. Hvor disse sene aborter tidligere udgjorde lidt over 2 procent, ligger de nu omkring 3 procent af det samlede antal. Tallene bekr\u00e6fter dermed det, mange forventede: at n\u00e5r rammerne \u00e6ndres, \u00e6ndrer adf\u00e6rden sig ogs\u00e5.<\/p>\n\n\n\n<h2 class=\"wp-block-heading\">Tid til at v\u00e6lge \u2013 eller tid til at tvivle?<\/h2>\n\n\n\n<p class=\"wp-block-paragraph\">Fortalere for lov\u00e6ndringen peger p\u00e5, at den nye gr\u00e6nse giver kvinder bedre tid \u2013 tid til at afvente unders\u00f8gelser, til at overveje og til at tr\u00e6ffe det, man h\u00e5ber er en mere gennemt\u00e6nkt beslutning. Det er is\u00e6r knyttet til nakkefoldsscanningen omkring uge 12, som tidligere l\u00e5 t\u00e6t op ad abortgr\u00e6nsen, hvor beslutninger ofte m\u00e5tte tr\u00e6ffes hurtigt, nogle vil sige for hurtigt. Med den nye gr\u00e6nse er dette pres blevet mindre. Samtidig \u00e5bner der sig en anden virkelighed: jo l\u00e6ngere en graviditet skrider frem, desto mere konkret bliver det, der er p\u00e5 spil. Det, der tidligere var en hastig beslutning, bliver nu en l\u00e6ngere proces \u2013 og for nogle ogs\u00e5 en tungere.<\/p>\n\n\n\n<h2 class=\"wp-block-heading\">En debat, der ikke er afsluttet<\/h2>\n\n\n\n<p class=\"wp-block-paragraph\">Politisk blev \u00e6ndringen fremstillet som en styrkelse af kvinders selvbestemmelse. Argumentet var, at den tidligere gr\u00e6nse ikke havde et klart sundhedsfagligt grundlag, og at erfaringer fra andre lande ikke tydede p\u00e5 flere eller senere aborter. Men den danske udvikling viser, at \u00e6ndringen i hvert fald har haft konsekvenser. Samtidig forsvandt modstanden ikke med loven. Kritikere advarede om, at debatten risikerede at blive ensidig, hvor fokus alene kom til at ligge p\u00e5 rettigheder, mens det liv, der udvikler sig i graviditeten, tr\u00e5dte i baggrunden. Det er en indvending, der ikke s\u00e5 let lader sig afvise, n\u00e5r tallene nu bev\u00e6ger sig.<\/p>\n\n\n\n<h2 class=\"wp-block-heading\">Sundhedspersonalet i en ny situation<\/h2>\n\n\n\n<p class=\"wp-block-paragraph\">For l\u00e6ger og sundhedspersonale betyder \u00e6ndringen ogs\u00e5 en forskydning. Aborter senere i graviditeten er ikke blot teknisk anderledes, men kan ogs\u00e5 v\u00e6re psykisk mere kr\u00e6vende. Det er situationer, hvor gr\u00e6nsen mellem det medicinske og det etiske tr\u00e6der tydeligere frem, og hvor beslutningen ikke kun handler om tid, men om betydning. Den dimension n\u00e6vnes ofte i debatten, men f\u00e5r sj\u00e6ldent samme v\u00e6gt som de politiske og juridiske argumenter, selv om den i praksis fylder i m\u00f8det mellem patient og behandler.<\/p>\n\n\n\n<h2 class=\"wp-block-heading\">Et samfund, der v\u00e6lger \u2013 men ogs\u00e5 m\u00e5 forst\u00e5<\/h2>\n\n\n\n<p class=\"wp-block-paragraph\">Lov\u00e6ndringen har uden tvivl givet flere kvinder mulighed for at tr\u00e6ffe beslutninger p\u00e5 et senere tidspunkt. Det var intentionen, og det er ogs\u00e5 det, tallene viser. Men udviklingen rejser et mere grundl\u00e6ggende sp\u00f8rgsm\u00e5l: om mere tid n\u00f8dvendigvis g\u00f8r beslutningen lettere. For nogle g\u00f8r den, for andre g\u00f8r den det modsatte. N\u00e5r aborten flytter sig l\u00e6ngere ind i graviditeten, \u00e6ndrer samtalen karakter. Den bliver ikke kun et sp\u00f8rgsm\u00e5l om rettighed, men ogs\u00e5 om ansvar, relation og erkendelse. Og netop d\u00e9r bliver det tydeligt, at selv n\u00e5r lovgivningen er afklaret, er virkeligheden det ikke n\u00f8dvendigvis.<\/p>\n\n\n\n<h2 class=\"wp-block-heading\">N\u00e5r det, vi kan m\u00e5le, ikke er det samme som det, vi m\u00e5 mene<\/h2>\n\n\n\n<p class=\"wp-block-paragraph\">En del af nutidens debat bev\u00e6ger sig i et sp\u00e6ndingsfelt mellem det, der kan beskrives naturvidenskabeligt, og det, der m\u00e5 vurderes etisk. Kemi og biologi kan med stor pr\u00e6cision redeg\u00f8re for, hvad der sker i graviditeten: hvordan et liv begynder, udvikler sig og gradvist bliver mere komplekst. Men de samme videnskaber kan ikke afg\u00f8re, hvilken v\u00e6rdi dette liv har, eller hvorn\u00e5r det b\u00f8r beskyttes. Det sp\u00f8rgsm\u00e5l ligger uden for det m\u00e5lbare. Dermed opst\u00e5r en situation, hvor samfundet tr\u00e6ffer beslutninger p\u00e5 et omr\u00e5de, hvor fakta og vurdering ikke er det samme. Man kan vide mere end nogensinde om det liv, der udvikler sig, og samtidig v\u00e6re uenig om, hvad denne viden forpligter til.<\/p>\n\n\n\n<h2 class=\"wp-block-heading\">Den katolske holdning \u2013 et andet udgangspunkt<\/h2>\n\n\n\n<p class=\"wp-block-paragraph\">I den katolske tradition vurderes sp\u00f8rgsm\u00e5let fra et andet grundlag end det rent juridiske eller politiske. Her forst\u00e5s menneskelivet som ukr\u00e6nkeligt fra dets begyndelse, og abort betragtes derfor som moralsk uacceptabelt, uanset graviditetens stadium. Denne opfattelse er formuleret med s\u00e6rlig klarhed i Evangelium Vitae, hvor menneskets v\u00e6rdighed knyttes til dets blotte eksistens \u2013 ikke til udviklingstrin, sundhed eller \u00f8nskethed. Ogs\u00e5 Den Katolske Kirkes Katekismus fastholder, at livet skal beskyttes fra undfangelsen. Samtidig rummer den katolske tilgang en pastoral dimension, hvor barmhjertighed, st\u00f8tte og ledsagelse af kvinder og familier i sv\u00e6re situationer st\u00e5r centralt. Det er ikke en forenkling af problemets alvor, men et fors\u00f8g p\u00e5 at fastholde b\u00e5de sandhed og omsorg i samme bev\u00e6gelse. Dermed st\u00e5r den katolske l\u00e6re som en p\u00e5mindelse om, at sp\u00f8rgsm\u00e5let om abort ikke alene kan reduceres til valg og rettigheder, men ogs\u00e5 ber\u00f8rer sp\u00f8rgsm\u00e5let om, hvad et menneske er \u2013 og hvorn\u00e5r det begynder.<\/p>\n\n\n\n<p class=\"wp-block-paragraph\"><em>-karn<\/em><\/p>\n","protected":false},"excerpt":{"rendered":"<p>En markant stigning i aborter mellem uge 12 og 18 uge udfordrer forestillingen om, at mere tid blot g\u00f8r beslutningen lettere. Udviklingen viser, at sp\u00f8rgsm\u00e5let ikke alene handler om rettigheder, men ogs\u00e5 om ansvar og den v\u00e6rdi, vi till\u00e6gger det liv, der er under udvikling \u2013 som i katolsk forst\u00e5else har samme v\u00e6rdighed fra begyndelsen.<\/p>\n","protected":false},"author":1,"featured_media":17163,"comment_status":"closed","ping_status":"closed","sticky":false,"template":"","format":"standard","meta":{"_acf_changed":false,"_FSMCFIC_featured_image_caption":"En kvinde sidder alene f\u00f8r en sen abort. Ultralydsbilledet g\u00f8r det liv synligt, som if\u00f8lge katolsk forst\u00e5else har samme v\u00e6rdighed fra begyndelsen. Det etiske sp\u00f8rgsm\u00e5l \u00e6ndrer sig ikke med tiden \u2013 men bliver sv\u00e6rere at se bort fra.","_FSMCFIC_featured_image_nocaption":"","_FSMCFIC_featured_image_hide":"","footnotes":""},"categories":[1137],"tags":[],"class_list":["post-17160","post","type-post","status-publish","format-standard","has-post-thumbnail","hentry","category-samfund"],"acf":[],"_links":{"self":[{"href":"https:\/\/arnkilde.dk\/index.php?rest_route=\/wp\/v2\/posts\/17160","targetHints":{"allow":["GET"]}}],"collection":[{"href":"https:\/\/arnkilde.dk\/index.php?rest_route=\/wp\/v2\/posts"}],"about":[{"href":"https:\/\/arnkilde.dk\/index.php?rest_route=\/wp\/v2\/types\/post"}],"author":[{"embeddable":true,"href":"https:\/\/arnkilde.dk\/index.php?rest_route=\/wp\/v2\/users\/1"}],"replies":[{"embeddable":true,"href":"https:\/\/arnkilde.dk\/index.php?rest_route=%2Fwp%2Fv2%2Fcomments&post=17160"}],"version-history":[{"count":9,"href":"https:\/\/arnkilde.dk\/index.php?rest_route=\/wp\/v2\/posts\/17160\/revisions"}],"predecessor-version":[{"id":17170,"href":"https:\/\/arnkilde.dk\/index.php?rest_route=\/wp\/v2\/posts\/17160\/revisions\/17170"}],"wp:featuredmedia":[{"embeddable":true,"href":"https:\/\/arnkilde.dk\/index.php?rest_route=\/wp\/v2\/media\/17163"}],"wp:attachment":[{"href":"https:\/\/arnkilde.dk\/index.php?rest_route=%2Fwp%2Fv2%2Fmedia&parent=17160"}],"wp:term":[{"taxonomy":"category","embeddable":true,"href":"https:\/\/arnkilde.dk\/index.php?rest_route=%2Fwp%2Fv2%2Fcategories&post=17160"},{"taxonomy":"post_tag","embeddable":true,"href":"https:\/\/arnkilde.dk\/index.php?rest_route=%2Fwp%2Fv2%2Ftags&post=17160"}],"curies":[{"name":"wp","href":"https:\/\/api.w.org\/{rel}","templated":true}]}}