{"id":16763,"date":"2026-04-01T00:41:00","date_gmt":"2026-04-01T00:41:00","guid":{"rendered":"https:\/\/arnkilde.dk\/?p=16763"},"modified":"2026-07-11T21:41:54","modified_gmt":"2026-07-11T19:41:54","slug":"mellem-maaltid-moerke-og-morgen","status":"publish","type":"post","link":"https:\/\/arnkilde.dk\/?p=16763","title":{"rendered":"Mellem m\u00e5ltid, m\u00f8rke og morgen"},"content":{"rendered":"\n<h2 class=\"wp-block-heading\">\u2013 om sk\u00e6rtorsdag, langfredag, den stille l\u00f8rdag og p\u00e5skens opstandelse i vores tid<\/h2>\n\n\n\n<p class=\"wp-block-paragraph\">Der er en rytme i disse dage, som ikke ligner noget andet i \u00e5ret. Den begynder i det n\u00e6re og konkrete \u2013 et m\u00e5ltid, et f\u00e6llesskab, en handling \u2013 og bev\u00e6ger sig derfra ind i m\u00f8rket, ind i stilheden og til sidst ud i en morgen, som ikke ligner nogen anden. Sk\u00e6rtorsdag, langfredag, den stille l\u00f8rdag og p\u00e5skedagene er ikke blot minder om noget, der engang skete. De er en bev\u00e6gelse, som gentager sig \u2013 ogs\u00e5 i vores liv og i vores tid.<\/p>\n\n\n\n<h2 class=\"wp-block-heading\">Sk\u00e6rtorsdag \u2013 n\u00e6rhedens alvor<\/h2>\n\n\n\n<p class=\"wp-block-paragraph\">Sk\u00e6rtorsdag begynder ikke med lidelse, men med et m\u00e5ltid. Det er i sig selv bem\u00e6rkelsesv\u00e6rdigt. Midt i det, der skal ske, samles Jesus med sine disciple omkring bordet. Han vasker deres f\u00f8dder. Han bryder br\u00f8det. Han taler om k\u00e6rlighed, ikke som f\u00f8lelse, men som handling.<\/p>\n\n\n\n<p class=\"wp-block-paragraph\">Der er noget n\u00e6sten provokerende i det. For vi lever i en tid, hvor relationer ofte bliver skr\u00f8belige og funktionelle. F\u00e6llesskabet er ikke l\u00e6ngere givet \u2013 det skal v\u00e6lges, vedligeholdes, og ofte ogs\u00e5 opgives. Vi sidder ved mange borde, men ikke altid i det samme n\u00e6rv\u00e6r.<\/p>\n\n\n\n<p class=\"wp-block-paragraph\">Sk\u00e6rtorsdag minder om, at det centrale ikke er styrke, men tjeneste. Ikke position, men n\u00e6rhed. Den peger p\u00e5 en sandhed, som moderne mennesker ofte fornemmer, men sj\u00e6ldent t\u00f8r leve fuldt ud: at det egentlige f\u00e6llesskab opst\u00e5r, n\u00e5r nogen b\u00f8jer sig \u2013 ikke for at miste sig selv, men for at give sig selv.<\/p>\n\n\n\n<p class=\"wp-block-paragraph\">Og samtidig ligger der allerede en skygge over m\u00e5ltidet. For midt i f\u00e6llesskabet findes ogs\u00e5 svigtet. Judas sidder med ved bordet. Peter lover mere, end han kan holde. Sk\u00e6rtorsdag er derfor ikke en romantisk fort\u00e6lling om f\u00e6llesskab, men en realistisk erkendelse af, hvad menneskelige relationer er: b\u00e5de gave og brud.<\/p>\n\n\n\n<h2 class=\"wp-block-heading\">Langfredag \u2013 sandhedens tyngde<\/h2>\n\n\n\n<p class=\"wp-block-paragraph\">Hvis sk\u00e6rtorsdag er n\u00e6rhedens dag, er langfredag sandhedens dag. Den dag, hvor illusionerne falder.<\/p>\n\n\n\n<p class=\"wp-block-paragraph\">Her st\u00e5r vi over for lidelsen, ikke som id\u00e9, men som virkelighed. Uskyldig lidelse. Uretf\u00e6rdighed. Magtmisbrug. Tavshed. Frygt. Alt det, som vi ellers fors\u00f8ger at forklare, bortforklare eller undg\u00e5.<\/p>\n\n\n\n<p class=\"wp-block-paragraph\">Langfredag er vanskelig, fordi den ikke giver hurtige svar. Den tilbyder ikke en l\u00f8sning, men en konfrontation. Den siger ikke: \u201cDet bliver godt igen.\u201d Den siger: \u201cSe p\u00e5 det.\u201d<\/p>\n\n\n\n<p class=\"wp-block-paragraph\">I vores tid er det netop det sv\u00e6reste. Vi lever i en kultur, der s\u00f8ger det funktionelle, det effektive, det l\u00f8selige. Problemer skal h\u00e5ndteres. Kriser skal vendes til muligheder. Men langfredag st\u00e5r som en protest mod denne t\u00e6nkning.<\/p>\n\n\n\n<p class=\"wp-block-paragraph\">Der findes noget, som ikke kan l\u00f8ses. Noget, som kun kan gennemleves.<\/p>\n\n\n\n<p class=\"wp-block-paragraph\">Det g\u00e6lder ikke kun i den store verden \u2013 i krige, sygdom og uret \u2013 men ogs\u00e5 i det enkelte menneskes liv. Tab, skyld, brud, ensomhed. Langfredag giver ikke et system til at h\u00e5ndtere det, men et sted at st\u00e5 i det.<\/p>\n\n\n\n<p class=\"wp-block-paragraph\">Og netop derfor taler den stadig til moderne mennesker. Ikke fordi vi s\u00f8ger lidelsen, men fordi vi ved, at den findes. Langfredag er ikke h\u00e5bl\u00f8shed. Den er sandhed uden forsk\u00f8nnelse.<\/p>\n\n\n\n<h2 class=\"wp-block-heading\">Den stille l\u00f8rdag \u2013 frav\u00e6rets rum<\/h2>\n\n\n\n<p class=\"wp-block-paragraph\">Den mest oversete dag er ofte den mest genkendelige.<\/p>\n\n\n\n<p class=\"wp-block-paragraph\">Den stille l\u00f8rdag.<\/p>\n\n\n\n<p class=\"wp-block-paragraph\">Dagen hvor intet sker. Dagen hvor Kristus er d\u00f8d, og endnu ikke opstanden. Dagen uden ord, uden tegn, uden svar. Kun stilhed.<\/p>\n\n\n\n<p class=\"wp-block-paragraph\">I kirkens tradition kaldes det gravens hvile. Men eksistentielt er det noget andet: det er erfaringen af frav\u00e6r.<\/p>\n\n\n\n<p class=\"wp-block-paragraph\">Vi kender den i vores tid \u2013 ikke n\u00f8dvendigvis som dramatisk lidelse, men som tomhed. Som venten uden retning. Som dage, hvor meningen ikke er til at f\u00e5 \u00f8je p\u00e5.<\/p>\n\n\n\n<p class=\"wp-block-paragraph\">Den stille l\u00f8rdag er troens mest s\u00e5rbare sted. For her er der ikke noget at holde fast i. Ingen f\u00f8lelser, ingen klare tegn. Kun det, der tidligere er givet \u2013 og h\u00e5bet om, at det stadig g\u00e6lder.<\/p>\n\n\n\n<p class=\"wp-block-paragraph\">Det er en dag, som vores kultur har sv\u00e6rt ved at rumme. Vi fylder stilheden ud med lyd. Vi undg\u00e5r tomrummet. Men netop her sker noget afg\u00f8rende \u2013 ikke synligt, ikke m\u00e5lbart, men virkeligt.<\/p>\n\n\n\n<p class=\"wp-block-paragraph\">Den stille l\u00f8rdag l\u00e6rer os, at ikke alt, der er vigtigt, er synligt. At frav\u00e6r ikke n\u00f8dvendigvis er det samme som tomhed. Og at h\u00e5b nogle gange m\u00e5 fastholdes uden beviser.<\/p>\n\n\n\n<h2 class=\"wp-block-heading\">P\u00e5skedag \u2013 det nye, der ikke kan presses frem<\/h2>\n\n\n\n<p class=\"wp-block-paragraph\">S\u00e5 kommer morgenen.<\/p>\n\n\n\n<p class=\"wp-block-paragraph\">Ikke som en forl\u00e6ngelse af det, der var, men som noget andet. Noget, der ikke kan udledes af langfredag. Noget, der ikke kan planl\u00e6gges eller fremtvinges.<\/p>\n\n\n\n<h2 class=\"wp-block-heading\">Opstandelsen.<\/h2>\n\n\n\n<p class=\"wp-block-paragraph\">Det afg\u00f8rende ved p\u00e5skedag er ikke bare, at livet sejrer over d\u00f8den, men at det sker p\u00e5 en m\u00e5de, som bryder vores forventninger. Det er ikke en tilbagevenden til det gamle. Det er ikke en \u201creparation\u201d af det, der gik galt. Det er en nyskabelse.<\/p>\n\n\n\n<p class=\"wp-block-paragraph\">I moderne sammenh\u00e6ng er det en udfordrende tanke. For vi t\u00e6nker ofte i forbedringer, optimeringer, udvikling. Men p\u00e5skens budskab er radikalt: det nye liv er ikke en forbedret version af det gamle \u2013 det er noget, der gives.<\/p>\n\n\n\n<p class=\"wp-block-paragraph\">Det betyder ikke, at alt bliver let. Disciplenes liv efter opstandelsen er ikke uden tvivl eller kamp. Men noget er \u00e6ndret. Ikke n\u00f8dvendigvis i det ydre, men i det grundl\u00e6ggende: d\u00f8den er ikke l\u00e6ngere det sidste ord.<\/p>\n\n\n\n<h2 class=\"wp-block-heading\">Anden p\u00e5skedag \u2013 vejen videre<\/h2>\n\n\n\n<p class=\"wp-block-paragraph\">Hvis p\u00e5skedag er bruddet, er 2. p\u00e5skedag begyndelsen p\u00e5 vandringen.<\/p>\n\n\n\n<p class=\"wp-block-paragraph\">Fort\u00e6llingen om Emmausvandrerne er i den forstand dybt moderne. To mennesker g\u00e5r sammen, taler om det, der er sket, fors\u00f8ger at forst\u00e5 det \u2013 og opdager f\u00f8rst senere, at Kristus har v\u00e6ret med dem hele tiden.<\/p>\n\n\n\n<p class=\"wp-block-paragraph\">Det er en erfaring, mange kan genkende. Ikke det dramatiske m\u00f8de, ikke det overv\u00e6ldende mirakel, men den langsomme erkendelse: at noget har v\u00e6ret n\u00e6r, uden at vi s\u00e5 det.<\/p>\n\n\n\n<p class=\"wp-block-paragraph\">Anden p\u00e5skedag handler derfor ikke om h\u00f8jtid, men om genkendelse. Om at se tilbage og opdage, at det, der virkede som frav\u00e6r, kan have v\u00e6ret n\u00e6rv\u00e6r i en anden form.<\/p>\n\n\n\n<h2 class=\"wp-block-heading\">En bev\u00e6gelse ogs\u00e5 i vores liv<\/h2>\n\n\n\n<p class=\"wp-block-paragraph\">N\u00e5r man ser p\u00e5 disse dage samlet, tegner der sig en bev\u00e6gelse:<\/p>\n\n\n\n<p class=\"wp-block-paragraph\">Fra f\u00e6llesskab \u2192 til brud<br>Fra brud \u2192 til lidelse<br>Fra lidelse \u2192 til stilhed<br>Fra stilhed \u2192 til nyt liv<br>Fra nyt liv \u2192 til vandring<\/p>\n\n\n\n<p class=\"wp-block-paragraph\">Det er ikke kun en teologisk struktur. Det er en menneskelig erfaring.<\/p>\n\n\n\n<p class=\"wp-block-paragraph\">Vi kender den i relationer, i livskriser, i tro, i tvivl. Derfor bliver disse dage ved med at v\u00e6re aktuelle. Ikke fordi verden er den samme som dengang, men fordi mennesket er det samme.<\/p>\n\n\n\n<p class=\"wp-block-paragraph\">I en moderne tid, hvor meget handler om kontrol, hastighed og synlige resultater, st\u00e5r p\u00e5skens dage som en modbev\u00e6gelse. De l\u00e6rer os, at det vigtigste ikke altid kan styres. At det, der virkelig forandrer, ofte g\u00e5r gennem det, vi helst ville undg\u00e5: s\u00e5rbarhed, tab, venten.<\/p>\n\n\n\n<p class=\"wp-block-paragraph\">Og netop derfor taler de stadig.<\/p>\n\n\n\n<p class=\"wp-block-paragraph\">Ikke som gamle fort\u00e6llinger, men som en vej \u2013 gennem det, vi allerede kender, og hen imod noget, vi endnu ikke helt forst\u00e5r.<\/p>\n\n\n\n<p class=\"wp-block-paragraph\"><em>-karn<\/em><\/p>\n","protected":false},"excerpt":{"rendered":"<p>I dagene fra sk\u00e6rtorsdag til p\u00e5skemorgen f\u00f8res vi gennem f\u00e6llesskab, brud, lidelse og stilhed. Det er en bev\u00e6gelse, der ikke kun tilh\u00f8rer fortiden, men gentager sig i vores egne liv \u2013 hvor det, vi f\u00f8rst ikke forst\u00e5r, siden kan vise sig at have v\u00e6ret n\u00e6r hele tiden.<\/p>\n","protected":false},"author":1,"featured_media":16765,"comment_status":"closed","ping_status":"closed","sticky":false,"template":"","format":"standard","meta":{"_acf_changed":false,"_FSMCFIC_featured_image_caption":"To g\u00e5r sammen og taler om det, der er sket. F\u00f8rst senere bliver det klart, hvem der gik med.","_FSMCFIC_featured_image_nocaption":"","_FSMCFIC_featured_image_hide":"","footnotes":""},"categories":[1124],"tags":[],"class_list":["post-16763","post","type-post","status-publish","format-standard","has-post-thumbnail","hentry","category-kirken"],"acf":[],"_links":{"self":[{"href":"https:\/\/arnkilde.dk\/index.php?rest_route=\/wp\/v2\/posts\/16763","targetHints":{"allow":["GET"]}}],"collection":[{"href":"https:\/\/arnkilde.dk\/index.php?rest_route=\/wp\/v2\/posts"}],"about":[{"href":"https:\/\/arnkilde.dk\/index.php?rest_route=\/wp\/v2\/types\/post"}],"author":[{"embeddable":true,"href":"https:\/\/arnkilde.dk\/index.php?rest_route=\/wp\/v2\/users\/1"}],"replies":[{"embeddable":true,"href":"https:\/\/arnkilde.dk\/index.php?rest_route=%2Fwp%2Fv2%2Fcomments&post=16763"}],"version-history":[{"count":4,"href":"https:\/\/arnkilde.dk\/index.php?rest_route=\/wp\/v2\/posts\/16763\/revisions"}],"predecessor-version":[{"id":16770,"href":"https:\/\/arnkilde.dk\/index.php?rest_route=\/wp\/v2\/posts\/16763\/revisions\/16770"}],"wp:featuredmedia":[{"embeddable":true,"href":"https:\/\/arnkilde.dk\/index.php?rest_route=\/wp\/v2\/media\/16765"}],"wp:attachment":[{"href":"https:\/\/arnkilde.dk\/index.php?rest_route=%2Fwp%2Fv2%2Fmedia&parent=16763"}],"wp:term":[{"taxonomy":"category","embeddable":true,"href":"https:\/\/arnkilde.dk\/index.php?rest_route=%2Fwp%2Fv2%2Fcategories&post=16763"},{"taxonomy":"post_tag","embeddable":true,"href":"https:\/\/arnkilde.dk\/index.php?rest_route=%2Fwp%2Fv2%2Ftags&post=16763"}],"curies":[{"name":"wp","href":"https:\/\/api.w.org\/{rel}","templated":true}]}}