{"id":16700,"date":"2026-03-27T15:03:20","date_gmt":"2026-03-27T15:03:20","guid":{"rendered":"https:\/\/arnkilde.dk\/?p=16700"},"modified":"2026-06-26T11:52:29","modified_gmt":"2026-06-26T09:52:29","slug":"fulton-sheen-saligkaares-en-stemme-fra-det-20-aarhundrede-bliver-aktuel-igen","status":"publish","type":"post","link":"https:\/\/arnkilde.dk\/?p=16700","title":{"rendered":"Fulton Sheen saligk\u00e5res \u2013 en stemme fra det 20. \u00e5rhundrede bliver aktuel igen"},"content":{"rendered":"\n<p class=\"manchet wp-block-paragraph\">Den amerikanske \u00e6rkebiskop Fulton Sheen saligk\u00e5res i september efter en lang proces. Kendt som pioner inden for tv-forkyndelse form\u00e5ede han at bringe troen ind i moderne medier \u2013 med en klarhed og overbevisning, der stadig taler ind i vor tid.<\/p>\n\n\n\n<p class=\"wp-block-paragraph\">Den 24. september 2026 vil Fulton Sheen blive saligk\u00e5ret ved en h\u00f8jtidelig messe i St. Louis. Meddelelsen fra Vatikanet faldt bem\u00e6rkelsesv\u00e6rdigt p\u00e5 festen for Herrens bebudelse, og netop denne sammenh\u00e6ng \u00e5bner en n\u00f8gle til forst\u00e5elsen af hans liv og virke. For Sheen var ikke blot en kirkelig embedsmand, men en forkynder, der i en ny medietid form\u00e5ede at give det kristne budskab en klar og tilg\u00e6ngelig stemme.<\/p>\n\n\n\n<p class=\"wp-block-paragraph\">Fulton Sheen blev f\u00f8dt i 1895 i Illinois og ordineret pr\u00e6st i 1919. Han gjorde siden tjeneste som hj\u00e6lpebiskop i New York og senere som biskop i Rochester, men hans virkelige gennemslagskraft l\u00e5 ikke i embedets ydre form. Den l\u00e5 i hans evne til at tale ind i sin samtid uden at miste forbindelsen til kirkens tradition. Med tv-programmet Life Is Worth Living n\u00e5ede han millioner af seere i 1950\u2019erne, og hans kombination af intellektuel skarphed og pastoralt n\u00e6rv\u00e6r gjorde ham til en af de f\u00f8rste store skikkelser i det, man i dag ville kalde moderne medieevangelisation.<\/p>\n\n\n\n<p class=\"wp-block-paragraph\">At offentligg\u00f8relsen af saligk\u00e5ringen falder p\u00e5 Herrens bebudelse, er derfor mere end en symbolsk tilf\u00e6ldighed. Det er blevet fremh\u00e6vet, at Sheen i sit liv fortsatte det budskab, som \u00c6rkeenglen Gabriel bragte: gl\u00e6den over, at Gud er n\u00e6r, og kaldet til at lade sit liv formes af dette n\u00e6rv\u00e6r. Ligesom Jomfru Maria svarede med sit ja, blev Sheens liv pr\u00e6get af en tilsvarende villighed til at stille sig til r\u00e5dighed for det ord, han pr\u00e6dikede \u2013 ikke som en abstrakt id\u00e9, men som en levende virkelighed, der skulle formidles ind i en konkret kultur.<\/p>\n\n\n\n<p class=\"wp-block-paragraph\">Vejen frem mod saligk\u00e5ring har v\u00e6ret lang og ikke uden vanskeligheder. Sagen blev \u00e5bnet i 2002, og i 2012 erkl\u00e6rede Pave Benedikt XVI ham for \u00e6rv\u00e6rdig. Et afg\u00f8rende skridt kom, da et mirakel \u2013 hvor et d\u00f8df\u00f8dt barn overlevede efter forb\u00f8n gennem Sheen \u2013 blev anerkendt som medicinsk uforklarligt. Dermed kunne processen f\u00f8res videre frem mod den kommende saligk\u00e5ring, som nu finder sted i St. Louis med Luis Antonio Tagle som pavens repr\u00e6sentant.<\/p>\n\n\n\n<p class=\"wp-block-paragraph\">N\u00e5r Fulton Sheen i dag l\u00f8ftes frem som forbillede, er det ikke kun som en historisk figur, men som en stemme, der igen f\u00e5r aktualitet. Han viste, at troen ikke beh\u00f8ver at tr\u00e6kke sig tilbage fra offentligheden, men kan tr\u00e6de ind i den \u2013 ogs\u00e5 i de nye medier \u2013 uden at miste sin kerne. <\/p>\n\n\n\n<p class=\"wp-block-paragraph\">I en tid, hvor barmhjertighed st\u00e5r st\u00e6rkt i kirkens sprog, minder hans liv om, at den ikke st\u00e5r i mods\u00e6tning til sandheden.<\/p>\n\n\n\n<p class=\"wp-block-paragraph\"><em>-karn<\/em><\/p>\n\n\n\n<p class=\"wp-block-paragraph\"><\/p>\n","protected":false},"excerpt":{"rendered":"<p>Fulton Sheen saligk\u00e5res i september i St. Louis , USA efter en lang proces i Vatikanet. Som en af de f\u00f8rste katolske tv-forkyndere n\u00e5ede han millioner med sit budskab. Hans liv peger p\u00e5, hvordan troen ogs\u00e5 i dag kan finde en stemme midt i moderne medier.<\/p>\n","protected":false},"author":1,"featured_media":16701,"comment_status":"closed","ping_status":"closed","sticky":false,"template":"","format":"standard","meta":{"_acf_changed":false,"_FSMCFIC_featured_image_caption":"Tv-studiet bag Life Is Worth Living: Fulton Sheen midt i optagelserne, hvor han som en af de f\u00f8rste bragte katolsk forkyndelse ind i den moderne medieverden.","_FSMCFIC_featured_image_nocaption":"","_FSMCFIC_featured_image_hide":"","footnotes":""},"categories":[5],"tags":[],"class_list":["post-16700","post","type-post","status-publish","format-standard","has-post-thumbnail","hentry","category-afventer-kategori"],"acf":[],"_links":{"self":[{"href":"https:\/\/arnkilde.dk\/index.php?rest_route=\/wp\/v2\/posts\/16700","targetHints":{"allow":["GET"]}}],"collection":[{"href":"https:\/\/arnkilde.dk\/index.php?rest_route=\/wp\/v2\/posts"}],"about":[{"href":"https:\/\/arnkilde.dk\/index.php?rest_route=\/wp\/v2\/types\/post"}],"author":[{"embeddable":true,"href":"https:\/\/arnkilde.dk\/index.php?rest_route=\/wp\/v2\/users\/1"}],"replies":[{"embeddable":true,"href":"https:\/\/arnkilde.dk\/index.php?rest_route=%2Fwp%2Fv2%2Fcomments&post=16700"}],"version-history":[{"count":6,"href":"https:\/\/arnkilde.dk\/index.php?rest_route=\/wp\/v2\/posts\/16700\/revisions"}],"predecessor-version":[{"id":16707,"href":"https:\/\/arnkilde.dk\/index.php?rest_route=\/wp\/v2\/posts\/16700\/revisions\/16707"}],"wp:featuredmedia":[{"embeddable":true,"href":"https:\/\/arnkilde.dk\/index.php?rest_route=\/wp\/v2\/media\/16701"}],"wp:attachment":[{"href":"https:\/\/arnkilde.dk\/index.php?rest_route=%2Fwp%2Fv2%2Fmedia&parent=16700"}],"wp:term":[{"taxonomy":"category","embeddable":true,"href":"https:\/\/arnkilde.dk\/index.php?rest_route=%2Fwp%2Fv2%2Fcategories&post=16700"},{"taxonomy":"post_tag","embeddable":true,"href":"https:\/\/arnkilde.dk\/index.php?rest_route=%2Fwp%2Fv2%2Ftags&post=16700"}],"curies":[{"name":"wp","href":"https:\/\/api.w.org\/{rel}","templated":true}]}}