{"id":16673,"date":"2026-03-27T09:25:18","date_gmt":"2026-03-27T09:25:18","guid":{"rendered":"https:\/\/arnkilde.dk\/?p=16673"},"modified":"2026-07-11T21:38:39","modified_gmt":"2026-07-11T19:38:39","slug":"ytringsfrihedens-graense-naar-tro-bliver-til-forbrydelse","status":"publish","type":"post","link":"https:\/\/arnkilde.dk\/?p=16673","title":{"rendered":"Ytringsfrihedens gr\u00e6nse &#8211; n\u00e5r tro bliver til forbrydelse"},"content":{"rendered":"\n<h2 class=\"wp-block-heading\">\u2013 om dommen mod P\u00e4ivi R\u00e4s\u00e4nen og Europas samvittighed<\/h2>\n\n\n\n<p class=\"manchet wp-block-paragraph\">En finsk dom mod P\u00e4ivi R\u00e4s\u00e4nen rejser en principiel konflikt mellem ytringsfrihed og lovgivningens gr\u00e6nser. N\u00e5r religi\u00f8se udsagn behandles som strafbare, bliver det ikke kun en juridisk sag, men et sp\u00f8rgsm\u00e5l om Europas evne til at rumme samvittighed og uenighed i det offentlige rum.<\/p>\n\n\n\n<p class=\"wp-block-paragraph\">Det er en sj\u00e6lden og alvorlig udvikling, n\u00e5r en stat placerer religi\u00f8se ytringer i samme juridiske kategori som krigsforbrydelser. Alligevel er det, hvad der if\u00f8lge de fremlagte oplysninger er sket i sagen mod P\u00e4ivi R\u00e4s\u00e4nen \u2013 tidligere indenrigsminister og mange\u00e5rig folketingspolitiker i Finland. Sagen tager sit udgangspunkt i en tekst, skrevet for \u00e5rtier siden, hvor hun redeg\u00f8r for et klassisk kristent syn p\u00e5 seksualitet og \u00e6gteskab. At en s\u00e5dan tekst i dag behandles som potentiel kriminalitet \u2013 og endda under bestemmelser relateret til \u201cforbrydelser mod menneskeheden\u201d \u2013 \u00e5bner for en principiel vurdering, der r\u00e6kker langt ud over den konkrete sag og ind i selve forst\u00e5elsen af lov, skyld og samfundets moralske orden.<\/p>\n\n\n\n<h2 class=\"wp-block-heading\">Lovens forskydning<\/h2>\n\n\n\n<p class=\"wp-block-paragraph\">Lovgivning fungerer ikke blot som et praktisk redskab, men som et udtryk for et samfunds v\u00e6rdim\u00e6ssige prioriteringer, og n\u00e5r bestemmelser, der historisk er udviklet til at h\u00e5ndtere de mest ekstreme overgreb, bringes i anvendelse mod ytringer, sker der en forskydning i sproget om forbrydelse. Denne forskydning betyder ikke n\u00f8dvendigvis, at staten sidestiller ord og vold direkte, men den \u00e6ndrer den m\u00e5de, hvorp\u00e5 ansvar og skyld forst\u00e5s, og den g\u00f8r det vanskeligere at opretholde en klar gr\u00e6nse mellem det sagte og det gjorte. I dette sp\u00e6ndingsfelt opst\u00e5r en ny situation, hvor det ikke l\u00e6ngere er indlysende, om det er ytringen som handling, der straffes, eller de overbevisninger, der ligger bag den, og dermed bliver retten ikke blot en instans, der regulerer handlinger, men ogs\u00e5 en instans, der indirekte former, hvilke v\u00e6rdier der kan have offentlig gyldighed.<\/p>\n\n\n\n<h2 class=\"wp-block-heading\">Fra sanktion til censur<\/h2>\n\n\n\n<p class=\"wp-block-paragraph\">Endnu mere vidtr\u00e6kkende bliver konsekvenserne, hvis en dom ikke alene p\u00e5l\u00e6gger sanktioner, men ogs\u00e5 kr\u00e6ver fjernelse og destruktion af tekster, for her bev\u00e6ger reguleringen sig fra handling til erindring, fra det aktuelle til det historiske. Det offentlige rum bliver ikke blot et sted, hvor ytringer kan m\u00f8des og brydes, men et rum, hvor visse udsagn ikke l\u00e6ngere m\u00e5 eksistere. I denne bev\u00e6gelse tr\u00e6der et klassisk europ\u00e6isk dilemma frem med fornyet styrke: hvordan et samfund kan forsvare sine v\u00e6rdier uden samtidig at underminere de friheder, som netop udg\u00f8r dets fundament. I praksis udfordres den forst\u00e5else af ytringsfriheden, som blandt andet er formuleret gennem Den Europ\u00e6iske Menneskerettighedsdomstol, hvor det er blevet understreget, at friheden ogs\u00e5 omfatter det, der kan virke st\u00f8dende, foruroligende eller uacceptabelt for flertallet.<\/p>\n\n\n\n<h2 class=\"wp-block-heading\">Troens offentlige plads<\/h2>\n\n\n\n<p class=\"wp-block-paragraph\">Sagen ber\u00f8rer samtidig Europas \u00e5ndelige og kulturelle selvforst\u00e5else, fordi kristendommen gennem \u00e5rhundreder har v\u00e6ret en del af den offentlige samtale som en stemme, der kunne h\u00f8res, modsiges og udfordres, men ikke uden videre bringes til tavshed. N\u00e5r klassiske teologiske positioner i stigende grad opfattes som potentielt strafbare, opst\u00e5r der en situation, hvor troen ikke blot marginaliseres, men juridisk problematiseres, og dermed \u00e6ndres ikke troens indhold, men dens mulighed for at tr\u00e6de frem i offentligheden. Det skaber en ny form for sp\u00e6nding mellem stat og samvittighed, hvor det ikke l\u00e6ngere alene er handlinger, men ogs\u00e5 overbevisninger, der indirekte bringes under vurdering.<\/p>\n\n\n\n<h2 class=\"wp-block-heading\">En europ\u00e6isk pr\u00f8vesten<\/h2>\n\n\n\n<p class=\"wp-block-paragraph\">Sagen mod P\u00e4ivi R\u00e4s\u00e4nen fungerer derfor som en pr\u00f8vesten for Europas selvforst\u00e5else, fordi den synligg\u00f8r, om ytringsfriheden fortsat forst\u00e5s som en grundl\u00e6ggende rettighed, der ogs\u00e5 g\u00e6lder i m\u00f8det med dyb uenighed, eller om den i stigende grad betinges af, at ytringer falder inden for et sn\u00e6vrere accepteret felt. Hvis det sidste bliver bestemmende, bev\u00e6ger samfundet sig fra en orden, hvor uenighed er en integreret del af det f\u00e6lles liv, til en orden, hvor visse positioner p\u00e5 forh\u00e5nd er udelukket, og hvor det offentlige rum ikke l\u00e6ngere er et sted for reelt m\u00f8de, men for selektiv anerkendelse.<\/p>\n\n\n\n<h2 class=\"wp-block-heading\">Mellem tolerance og sandhed<\/h2>\n\n\n\n<p class=\"wp-block-paragraph\">Det moderne Europa \u00f8nsker samtidig at beskytte minoriteter og bevare en fri samtale, men disse hensyn kan komme i konflikt, og netop i dette krydsfelt bliver det afg\u00f8rende, om samfundet form\u00e5r at rumme dybe uenigheder uden at g\u00f8re dem til genstand for straf. Her st\u00e5r det ikke kun om retten til at tale, men om evnen til at leve med det, der bliver sagt, ogs\u00e5 n\u00e5r det udfordrer samtidens f\u00f8lsomheder. Hvis visse overbevisninger ikke l\u00e6ngere kan udtrykkes, fordi de opleves som kr\u00e6nkende, opst\u00e5r en situation, hvor tolerance risikerer at vende sig mod sig selv og gradvist forvandles til en mekanisme, der udelukker det, den ikke kan rumme.<\/p>\n\n\n\n<p class=\"wp-block-paragraph\">Uanset udfaldet i en eventuel appel ved Den Europ\u00e6iske Menneskerettighedsdomstol vil sagen f\u00e5 betydning langt ud over Finland, fordi den ber\u00f8rer forholdet mellem lov og overbevisning, mellem stat og samvittighed, og dermed ogs\u00e5 den m\u00e5de, hvorp\u00e5 Europa forst\u00e5r frihedens indhold. Et samfund viser ikke sin styrke ved at fjerne uenighed, men ved at b\u00e6re den, og netop i denne evne ligger forskellen mellem en orden, der t\u00e5ler mangfoldighed, og en orden, der kun kan opretholde sig selv ved at begr\u00e6nse den. Europa st\u00e5r derfor over for en dybere afpr\u00f8vning af sin egen \u00e5ndelige og kulturelle b\u00e6rekraft.<\/p>\n\n\n\n<p class=\"wp-block-paragraph\"><em>-karn<\/em><\/p>\n\n\n\n<hr class=\"wp-block-separator has-alpha-channel-opacity\"\/>\n\n\n\n<div class=\"wp-block-group has-background is-layout-constrained wp-block-group-is-layout-constrained\" style=\"background-color:#f0f0f0\">\n<h2 class=\"wp-block-heading\">Faktaboks &#8211; dommen mod P\u00e4ivi R\u00e4s\u00e4nen<\/h2>\n\n\n\n<ul class=\"wp-block-list\">\n<li>Land: Finland<\/li>\n\n\n\n<li>Tiltalt: Tidligere indenrigsminister og folketingsmedlem<\/li>\n\n\n\n<li>Sag: Udtalelser og en pamflet om bibelsk syn p\u00e5 \u00e6gteskab og seksualitet<\/li>\n\n\n\n<li>Lovgrundlag: Finsk lovgivning om hadefuld tale (if\u00f8lge oplysninger ogs\u00e5 relateret til alvorlige straffebestemmelser)<\/li>\n\n\n\n<li>Medtiltalt: Juhana Pohjola (for udgivelse af teksten)<\/li>\n\n\n\n<li>Dom: B\u00f8de til begge parter<\/li>\n\n\n\n<li>S\u00e6rligt: Retten har p\u00e5lagt, at visse udsagn fjernes fra offentlig adgang<\/li>\n\n\n\n<li>Perspektiv: Sagen forventes anket og kan ende ved Den Europ\u00e6iske Menneskerettighedsdomstol<\/li>\n<\/ul>\n<\/div>\n\n\n\n<p class=\"wp-block-paragraph\"><\/p>\n","protected":false},"excerpt":{"rendered":"<p>Dommen mod P\u00e4ivi R\u00e4s\u00e4nen i Finland s\u00e6tter fokus p\u00e5, hvor gr\u00e6nsen g\u00e5r mellem lov og overbevisning. N\u00e5r \u00e6ldre religi\u00f8se tekster m\u00f8des med straf og krav om fjernelse, udfordres forst\u00e5elsen af ytringsfrihed og det \u00e5bne demokratiske rum i Europa.<\/p>\n","protected":false},"author":1,"featured_media":16675,"comment_status":"closed","ping_status":"closed","sticky":false,"template":"","format":"standard","meta":{"_acf_changed":false,"_FSMCFIC_featured_image_caption":"P\u00e4ivi R\u00e4s\u00e4nen ankommer til en offentlig begivenhed i Finland, hvor hendes sag om ytringsfrihed og religi\u00f8se overbevisninger har f\u00e5et stor national og international opm\u00e6rksomhed.","_FSMCFIC_featured_image_nocaption":"","_FSMCFIC_featured_image_hide":"","footnotes":""},"categories":[1137],"tags":[],"class_list":["post-16673","post","type-post","status-publish","format-standard","has-post-thumbnail","hentry","category-samfund"],"acf":[],"_links":{"self":[{"href":"https:\/\/arnkilde.dk\/index.php?rest_route=\/wp\/v2\/posts\/16673","targetHints":{"allow":["GET"]}}],"collection":[{"href":"https:\/\/arnkilde.dk\/index.php?rest_route=\/wp\/v2\/posts"}],"about":[{"href":"https:\/\/arnkilde.dk\/index.php?rest_route=\/wp\/v2\/types\/post"}],"author":[{"embeddable":true,"href":"https:\/\/arnkilde.dk\/index.php?rest_route=\/wp\/v2\/users\/1"}],"replies":[{"embeddable":true,"href":"https:\/\/arnkilde.dk\/index.php?rest_route=%2Fwp%2Fv2%2Fcomments&post=16673"}],"version-history":[{"count":7,"href":"https:\/\/arnkilde.dk\/index.php?rest_route=\/wp\/v2\/posts\/16673\/revisions"}],"predecessor-version":[{"id":16683,"href":"https:\/\/arnkilde.dk\/index.php?rest_route=\/wp\/v2\/posts\/16673\/revisions\/16683"}],"wp:featuredmedia":[{"embeddable":true,"href":"https:\/\/arnkilde.dk\/index.php?rest_route=\/wp\/v2\/media\/16675"}],"wp:attachment":[{"href":"https:\/\/arnkilde.dk\/index.php?rest_route=%2Fwp%2Fv2%2Fmedia&parent=16673"}],"wp:term":[{"taxonomy":"category","embeddable":true,"href":"https:\/\/arnkilde.dk\/index.php?rest_route=%2Fwp%2Fv2%2Fcategories&post=16673"},{"taxonomy":"post_tag","embeddable":true,"href":"https:\/\/arnkilde.dk\/index.php?rest_route=%2Fwp%2Fv2%2Ftags&post=16673"}],"curies":[{"name":"wp","href":"https:\/\/api.w.org\/{rel}","templated":true}]}}