{"id":16470,"date":"2026-03-22T10:12:14","date_gmt":"2026-03-22T10:12:14","guid":{"rendered":"https:\/\/arnkilde.dk\/?p=16470"},"modified":"2026-07-11T21:09:37","modified_gmt":"2026-07-11T19:09:37","slug":"maaske-kristen","status":"publish","type":"post","link":"https:\/\/arnkilde.dk\/?p=16470","title":{"rendered":"Videosamtalen &#8211; m\u00e5ske kristen"},"content":{"rendered":"\n<h2 class=\"wp-block-heading\">En generation, der s\u00f8ger i stilhed \u2013 uden sprog for det, der tr\u00e6nger sig p\u00e5.<\/h2>\n\n\n\n<p class=\"wp-block-paragraph\"><\/p>\n\n\n<figure class=\"wp-block-embed wp-block-embed-youtube is-type-video is-provider-youtube epyt-figure\"><div class=\"wp-block-embed__wrapper\"><div class=\"epyt-video-wrapper\"><div  data-ep-a=\"rotateIn\"  id=\"_ytid_37314\"  width=\"960\" height=\"540\"  data-origwidth=\"960\" data-origheight=\"540\" data-facadesrc=\"https:\/\/www.youtube.com\/embed\/65vhzfUvPGU?enablejsapi=1&#038;autoplay=0&#038;cc_load_policy=0&#038;iv_load_policy=1&#038;loop=0&#038;fs=1&#038;playsinline=0&#038;controls=1&#038;disablekb=0&#038;color=red&#038;cc_lang_pref=&#038;rel=0&#038;autohide=2&#038;hl=da_DK&#038;theme=dark&#038;\" class=\"__youtube_prefs__ epyt-facade  no-lazyload\" data-vol=\"50\"  data-epautoplay=\"1\" ><img decoding=\"async\" data-spai-excluded=\"true\" class=\"epyt-facade-poster skip-lazy\" loading=\"lazy\"  alt=\"M\u00e5ske kristen\"  src=\"https:\/\/i.ytimg.com\/vi\/65vhzfUvPGU\/maxresdefault.jpg\"  \/><button class=\"epyt-facade-play\" aria-label=\"Play\"><svg data-no-lazy=\"1\" height=\"100%\" version=\"1.1\" viewBox=\"0 0 68 48\" width=\"100%\"><path class=\"ytp-large-play-button-bg\" d=\"M66.52,7.74c-0.78-2.93-2.49-5.41-5.42-6.19C55.79,.13,34,0,34,0S12.21,.13,6.9,1.55 C3.97,2.33,2.27,4.81,1.48,7.74C0.06,13.05,0,24,0,24s0.06,10.95,1.48,16.26c0.78,2.93,2.49,5.41,5.42,6.19 C12.21,47.87,34,48,34,48s21.79-0.13,27.1-1.55c2.93-0.78,4.64-3.26,5.42-6.19C67.94,34.95,68,24,68,24S67.94,13.05,66.52,7.74z\" fill=\"#f00\"><\/path><path d=\"M 45,24 27,14 27,34\" fill=\"#fff\"><\/path><\/svg><\/button><\/div><\/div><\/div><\/figure>\n\n\n<p class=\"wp-block-paragraph\"><\/p>\n\n\n\n<h2 class=\"wp-block-heading manchet\">Intro til videosamtalen<\/h2>\n\n\n\n<p class=\"manchet wp-block-paragraph\">Han er ikke alene. Selvom det kan se s\u00e5dan ud. For mange unge i dag foreg\u00e5r s\u00f8gen i stilhed. Ikke fordi den ikke er der \u2013 men fordi den ikke har et rum. Troen passer ikke naturligt ind i samtalerne, i f\u00e6llesskaberne eller i den m\u00e5de, man ellers taler om livet p\u00e5. Derfor bliver den noget, man b\u00e6rer for sig selv. Noget, man unders\u00f8ger i det skjulte. Det g\u00e6lder ogs\u00e5 for Victor, hvor livet udadtil ligner det, mange str\u00e6ber efter \u2013 med venner, m\u00e5l og udvikling \u2013 men hvor der indadtil er sp\u00f8rgsm\u00e5l, som ikke forsvinder.<\/p>\n\n\n\n<p class=\"wp-block-paragraph\">Og netop d\u00e9r begynder bev\u00e6gelsen. Ikke som et klart valg eller en pludselig overbevisning, men som en uro, der ikke vil g\u00e5 v\u00e6k. En fornemmelse af, at der m\u00e5 v\u00e6re noget mere. At livet ikke kan reduceres til det, man kan opn\u00e5 eller m\u00e5le. N\u00e5r han tr\u00e6der ind i kirken, er det derfor ikke som en, der allerede tror, men som en, der leder. Og det, han m\u00f8der, er ikke f\u00f8rst og fremmest svar, men en virkelighed, der ikke skal opfindes \u2013 en retning, der allerede er der, og mennesker, der tror, ikke som en id\u00e9, men som noget levet.<\/p>\n\n\n\n<p class=\"wp-block-paragraph\">Det g\u00f8r indtryk. Ikke fordi det er spektakul\u00e6rt, men fordi det er \u00e6gte. Og m\u00e5ske er det netop det, mange unge l\u00e6nges efter, uden at sige det h\u00f8jt: ikke endnu en mulighed eller endnu et valg, men noget, der st\u00e5r fast. Noget, man kan tr\u00e6de ind i, uden selv at skulle b\u00e6re det hele. <\/p>\n\n\n\n<p class=\"wp-block-paragraph\">Derfor forts\u00e6tter han. Og derfor er han ikke alene.<\/p>\n\n\n\n<p class=\"wp-block-paragraph\"><em>-karn<\/em><\/p>\n\n\n\n<h2 class=\"wp-block-heading\">L\u00e6s ogs\u00e5:<\/h2>\n\n\n\n<figure class=\"wp-block-embed is-type-wp-embed is-provider-arnkilde-dk wp-block-embed-arnkilde-dk\"><div class=\"wp-block-embed__wrapper\">\n<blockquote class=\"wp-embedded-content\" data-secret=\"X4aOPvs2PN\"><a href=\"https:\/\/arnkilde.dk\/?p=17968\">Nyt dansk studie peger p\u00e5 et \u00e5ndeligt stemningsskifte<\/a><\/blockquote><iframe loading=\"lazy\" class=\"wp-embedded-content\" sandbox=\"allow-scripts\" security=\"restricted\" style=\"position: absolute; visibility: hidden;\" title=\"\u201cNyt dansk studie peger p\u00e5 et \u00e5ndeligt stemningsskifte\u201d \u2013 arnkilde.dk\" src=\"https:\/\/arnkilde.dk\/?p=17968&amp;embed=true#?secret=n8epf1Y0Uv#?secret=X4aOPvs2PN\" data-secret=\"X4aOPvs2PN\" width=\"600\" height=\"338\" frameborder=\"0\" marginwidth=\"0\" marginheight=\"0\" scrolling=\"no\"><\/iframe>\n<\/div><\/figure>\n","protected":false},"excerpt":{"rendered":"<p>En ung mand tr\u00e6der ind i kirken som s\u00f8gende \u2013 og m\u00f8der en virkelighed, der ikke blot skal forst\u00e5s, men leves. I en tid pr\u00e6get af relativisme og sociale forventninger peger hans erfaring p\u00e5 en l\u00e6ngsel efter sandhed, f\u00e6llesskab og en k\u00e6rlighed, der ikke forsvinder, n\u00e5r mennesket fejler.<\/p>\n","protected":false},"author":1,"featured_media":16239,"comment_status":"closed","ping_status":"closed","sticky":false,"template":"","format":"standard","meta":{"_acf_changed":false,"_FSMCFIC_featured_image_caption":"Victor i sit hjem i Brede i Kongens Lyngby \u2013 midt i en personlig s\u00f8gen, hvor sp\u00f8rgsm\u00e5l om tro, sandhed og mening tager form.","_FSMCFIC_featured_image_nocaption":"","_FSMCFIC_featured_image_hide":"","footnotes":""},"categories":[5],"tags":[],"class_list":["post-16470","post","type-post","status-publish","format-standard","has-post-thumbnail","hentry","category-afventer-kategori"],"acf":[],"_links":{"self":[{"href":"https:\/\/arnkilde.dk\/index.php?rest_route=\/wp\/v2\/posts\/16470","targetHints":{"allow":["GET"]}}],"collection":[{"href":"https:\/\/arnkilde.dk\/index.php?rest_route=\/wp\/v2\/posts"}],"about":[{"href":"https:\/\/arnkilde.dk\/index.php?rest_route=\/wp\/v2\/types\/post"}],"author":[{"embeddable":true,"href":"https:\/\/arnkilde.dk\/index.php?rest_route=\/wp\/v2\/users\/1"}],"replies":[{"embeddable":true,"href":"https:\/\/arnkilde.dk\/index.php?rest_route=%2Fwp%2Fv2%2Fcomments&post=16470"}],"version-history":[{"count":15,"href":"https:\/\/arnkilde.dk\/index.php?rest_route=\/wp\/v2\/posts\/16470\/revisions"}],"predecessor-version":[{"id":17985,"href":"https:\/\/arnkilde.dk\/index.php?rest_route=\/wp\/v2\/posts\/16470\/revisions\/17985"}],"wp:featuredmedia":[{"embeddable":true,"href":"https:\/\/arnkilde.dk\/index.php?rest_route=\/wp\/v2\/media\/16239"}],"wp:attachment":[{"href":"https:\/\/arnkilde.dk\/index.php?rest_route=%2Fwp%2Fv2%2Fmedia&parent=16470"}],"wp:term":[{"taxonomy":"category","embeddable":true,"href":"https:\/\/arnkilde.dk\/index.php?rest_route=%2Fwp%2Fv2%2Fcategories&post=16470"},{"taxonomy":"post_tag","embeddable":true,"href":"https:\/\/arnkilde.dk\/index.php?rest_route=%2Fwp%2Fv2%2Ftags&post=16470"}],"curies":[{"name":"wp","href":"https:\/\/api.w.org\/{rel}","templated":true}]}}