{"id":16012,"date":"2026-03-08T22:00:00","date_gmt":"2026-03-08T22:00:00","guid":{"rendered":"https:\/\/arnkilde.dk\/?p=16012"},"modified":"2026-07-11T19:25:55","modified_gmt":"2026-07-11T17:25:55","slug":"16012","status":"publish","type":"post","link":"https:\/\/arnkilde.dk\/?p=16012","title":{"rendered":"Europa fejrer stadig p\u00e5ske \u2013 men har glemt hvorfor"},"content":{"rendered":"\n<h2 class=\"wp-block-heading\">Samtidigt begynder nye generationer at stille sp\u00f8rgsm\u00e5l til tro og mening.<\/h2>\n\n\n\n<p class=\"manchet wp-block-paragraph\">P\u00e5sken er stadig en af Europas store h\u00f8jtider, men for mange er forbindelsen til dens oprindelige fort\u00e6lling blevet svagere. Samtidig begynder flere \u2013 ikke mindst unge \u2013 igen at stille sp\u00f8rgsm\u00e5l til tro og mening. I tiden op til p\u00e5ske vil arnkilde.dk tale med nogle af dem, der unders\u00f8ger den kristne tro.<\/p>\n\n\n\n<h2 class=\"wp-block-heading\">En h\u00f8jtid der har mistet sin fort\u00e6lling<\/h2>\n\n\n\n<p class=\"wp-block-paragraph\">Hvert \u00e5r standser Europa op i nogle f\u00e5 dage omkring p\u00e5sken. Arbejdet s\u00e6ttes ned i tempo, skoler og kontorer lukker, og mange familier samles omkring bordet. For\u00e5ret er p\u00e5 vej.<\/p>\n\n\n\n<p class=\"wp-block-paragraph\">P\u00e5sken er stadig en h\u00f8jtid i Europa, men for et stigende antal mennesker er det ikke l\u00e6ngere helt klart, hvorfor.<\/p>\n\n\n\n<p class=\"wp-block-paragraph\">I store dele af Vesteuropa er kristendommen i l\u00f8bet af f\u00e5 generationer gledet fra at v\u00e6re en f\u00e6lles kulturel selvf\u00f8lgelighed til at blive et mere privat anliggende. Kirkerne st\u00e5r stadig i byernes rum, men de fylder mindre i menneskers bevidsthed, og den religi\u00f8se fort\u00e6lling er for mange blevet til historie, tradition eller kulturarv.<\/p>\n\n\n\n<p class=\"wp-block-paragraph\">P\u00e5sken er derfor blevet en m\u00e6rkelig h\u00f8jtid i vores tid. Den fejres stadig, men dens indhold er for mange blevet uklart. Symbolerne er tilbage \u2013 \u00e6ggene, fridagene, familiem\u00e5ltiderne \u2013 men fort\u00e6llingen bag dem er langsomt gledet i baggrunden.<\/p>\n\n\n\n<p class=\"wp-block-paragraph\">Alligevel er det netop denne fort\u00e6lling, der i n\u00e6sten to tusind \u00e5r har v\u00e6ret med til at forme Europa.<\/p>\n\n\n\n<h2 class=\"wp-block-heading\">Fort\u00e6llingen der formede Europa<\/h2>\n\n\n\n<p class=\"wp-block-paragraph\">P\u00e5skens centrum er ikke en for\u00e5rsfest, men en dramatisk fort\u00e6lling om lidelse, svigt og d\u00f8d. Den begynder med en mand, der bliver forr\u00e5dt af en ven, d\u00f8mt af den politiske magt og henrettet i en romersk provins.<\/p>\n\n\n\n<p class=\"wp-block-paragraph\">I sig selv var dette ikke us\u00e6dvanligt i antikken. Men omkring denne begivenhed opstod en tro, der h\u00e6vdede noget langt mere radikalt: at d\u00f8den ikke havde f\u00e5et det sidste ord.<\/p>\n\n\n\n<p class=\"wp-block-paragraph\">De f\u00f8rste kristne talte om opstandelsen som en begivenhed, der \u00e6ndrede menneskets forhold til livet og historien. Troen p\u00e5 den opstandne Kristus blev udgangspunktet for et nyt syn p\u00e5 mennesket, hvor selv den svageste havde en ukr\u00e6nkelig v\u00e6rdighed, og hvor tilgivelse og h\u00e5b blev centrale begreber i samfundets moralske forestilling.<\/p>\n\n\n\n<p class=\"wp-block-paragraph\">Denne fort\u00e6lling blev i \u00e5rhundreder en del af Europas kulturelle grundlag. Den satte sit pr\u00e6g p\u00e5 kunst, filosofi og lovgivning og p\u00e5virkede forestillingen om menneskets v\u00e6rdighed og samfundets ansvar for de svage.<\/p>\n\n\n\n<h2 class=\"wp-block-heading\">Europa og den glemte arv<\/h2>\n\n\n\n<p class=\"wp-block-paragraph\">I l\u00f8bet af det sidste \u00e5rhundrede er forholdet mellem Europa og denne arv blevet mere usikkert. Sekulariseringen har ikke n\u00f8dvendigvis fjernet kristendommen fuldst\u00e6ndigt, men den har \u00e6ndret dens plads i samfundet. For mange er troen blevet en mulighed blandt mange andre livsfortolkninger.<\/p>\n\n\n\n<p class=\"wp-block-paragraph\"><strong>Men sp\u00f8rgsm\u00e5lene forsvinder ikke.<\/strong><\/p>\n\n\n\n<p class=\"wp-block-paragraph\">Lidelse, skyld, h\u00e5b og tilgivelse er stadig en del af menneskets erfaring, ogs\u00e5 i moderne samfund. Teknologi og velstand kan \u00e6ndre levevilk\u00e5r, men de grundl\u00e6ggende sp\u00f8rgsm\u00e5l i menneskelivet forbliver.<\/p>\n\n\n\n<h2 class=\"wp-block-heading\">En ny s\u00f8gen efter tro<\/h2>\n\n\n\n<p class=\"wp-block-paragraph\">Samtidig er der tegn p\u00e5 en ny nysgerrighed. Mange mennesker \u2013 ikke mindst unge \u2013 begynder igen at stille sp\u00f8rgsm\u00e5l til tro, mening og retning i livet. Ofte sker det stille og uden store ord, men som en s\u00f8gen efter noget, der r\u00e6kker ud over det rent materielle.<\/p>\n\n\n\n<p class=\"wp-block-paragraph\">Netop denne s\u00f8gen vil vi p\u00e5 <strong>arnkilde.dk<\/strong> gerne tage alvorligt. I tiden op til p\u00e5ske vil vi derfor tale med nogle af de mennesker, der p\u00e5 forskellig m\u00e5de unders\u00f8ger den kristne tro, og fors\u00f8ge at forst\u00e5, hvad det er de s\u00f8ger, og hvilke sp\u00f8rgsm\u00e5l der har f\u00f8rt dem i den retning.<\/p>\n\n\n\n<h2 class=\"wp-block-heading\">For\u00e5r gennem sne<\/h2>\n\n\n\n<p class=\"wp-block-paragraph\">P\u00e5sken er i sin kerne en fort\u00e6lling om h\u00e5b midt i m\u00f8rket. I den nordiske natur sker noget lignende hvert for\u00e5r. De f\u00f8rste blomster bryder frem, l\u00e6nge f\u00f8r vinteren helt har sluppet sit greb. De vokser gennem det sidste lag sne og minder om, at livet ikke altid venter p\u00e5 de perfekte betingelser.<\/p>\n\n\n\n<p class=\"wp-block-paragraph\">M\u00e5ske er det ogs\u00e5 derfor, at p\u00e5sken stadig vender tilbage i Europas kalender \u2013 ogs\u00e5 i en tid hvor mange troede, at religionen langsomt ville forsvinde fra vores del af verden.<\/p>\n\n\n\n<p class=\"wp-block-paragraph\"><em>-karn<\/em><\/p>\n","protected":false},"excerpt":{"rendered":"<p>P\u00e5sken er stadig en af Europas store h\u00f8jtider, men mange har mistet forbindelsen til dens oprindelige fort\u00e6lling. Samtidig oplever flere \u2013 ikke mindst unge \u2013 en ny nysgerrighed efter tro og mening. I tiden op til p\u00e5ske vil arnkilde.dk tale med nogle af dem, der unders\u00f8ger den kristne tro.<\/p>\n","protected":false},"author":1,"featured_media":16019,"comment_status":"closed","ping_status":"closed","sticky":false,"template":"","format":"standard","meta":{"_acf_changed":false,"_FSMCFIC_featured_image_caption":"De f\u00f8rste for\u00e5rsblomster bryder gennem den sidste sne. Et stille billede p\u00e5 h\u00e5b \u2013 og p\u00e5 den fort\u00e6lling, som p\u00e5sken hvert \u00e5r bringer tilbage til Europas kalender.","_FSMCFIC_featured_image_nocaption":"","_FSMCFIC_featured_image_hide":"","footnotes":""},"categories":[1137],"tags":[],"class_list":["post-16012","post","type-post","status-publish","format-standard","has-post-thumbnail","hentry","category-samfund"],"acf":[],"_links":{"self":[{"href":"https:\/\/arnkilde.dk\/index.php?rest_route=\/wp\/v2\/posts\/16012","targetHints":{"allow":["GET"]}}],"collection":[{"href":"https:\/\/arnkilde.dk\/index.php?rest_route=\/wp\/v2\/posts"}],"about":[{"href":"https:\/\/arnkilde.dk\/index.php?rest_route=\/wp\/v2\/types\/post"}],"author":[{"embeddable":true,"href":"https:\/\/arnkilde.dk\/index.php?rest_route=\/wp\/v2\/users\/1"}],"replies":[{"embeddable":true,"href":"https:\/\/arnkilde.dk\/index.php?rest_route=%2Fwp%2Fv2%2Fcomments&post=16012"}],"version-history":[{"count":8,"href":"https:\/\/arnkilde.dk\/index.php?rest_route=\/wp\/v2\/posts\/16012\/revisions"}],"predecessor-version":[{"id":16072,"href":"https:\/\/arnkilde.dk\/index.php?rest_route=\/wp\/v2\/posts\/16012\/revisions\/16072"}],"wp:featuredmedia":[{"embeddable":true,"href":"https:\/\/arnkilde.dk\/index.php?rest_route=\/wp\/v2\/media\/16019"}],"wp:attachment":[{"href":"https:\/\/arnkilde.dk\/index.php?rest_route=%2Fwp%2Fv2%2Fmedia&parent=16012"}],"wp:term":[{"taxonomy":"category","embeddable":true,"href":"https:\/\/arnkilde.dk\/index.php?rest_route=%2Fwp%2Fv2%2Fcategories&post=16012"},{"taxonomy":"post_tag","embeddable":true,"href":"https:\/\/arnkilde.dk\/index.php?rest_route=%2Fwp%2Fv2%2Ftags&post=16012"}],"curies":[{"name":"wp","href":"https:\/\/api.w.org\/{rel}","templated":true}]}}