{"id":15844,"date":"2026-02-27T17:25:09","date_gmt":"2026-02-27T17:25:09","guid":{"rendered":"https:\/\/arnkilde.dk\/?p=15844"},"modified":"2026-07-11T22:13:32","modified_gmt":"2026-07-11T20:13:32","slug":"hvad-er-et-menneske-vaerd","status":"publish","type":"post","link":"https:\/\/arnkilde.dk\/?p=15844","title":{"rendered":"Hvad er et menneske v\u00e6rd?"},"content":{"rendered":"\n<p class=\"manchet wp-block-paragraph\">Debatterne om aktiv d\u00f8dshj\u00e6lp, abort, fosterdiagnostik og prioritering i sundhedsv\u00e6senet rejser et sp\u00f8rgsm\u00e5l, der er \u00e6ldre end vores tid: Hvad er et menneske v\u00e6rd? Det moderne Norden hviler p\u00e5 en forestilling om menneskets ukr\u00e6nkelighed, men denne forestilling har en historie, som vi ikke l\u00e6ngere forholder os indg\u00e5ende til.<\/p>\n\n\n\n<p class=\"wp-block-paragraph\">Vores samtid er kendetegnet ved en r\u00e6kke etiske diskussioner, hvor vi m\u00e5ler, vejer og prioriterer. Vi taler om autonomi, livskvalitet, effektivitet og b\u00e6redygtighed. Vi udvikler retningslinjer og modeller, der skal hj\u00e6lpe os med at tr\u00e6ffe vanskelige beslutninger. Men under alle disse overvejelser ligger et mere grundl\u00e6ggende sp\u00f8rgsm\u00e5l, som sj\u00e6ldent formuleres direkte: Hvad er et menneske v\u00e6rd \u2013 og hvorfor?<\/p>\n\n\n\n<p class=\"wp-block-paragraph\">Ser man historisk p\u00e5 det, er svaret langt fra selvindlysende. I vikingetidens samfund var menneskets v\u00e6rdi ikke absolut. Den var knyttet til styrke, sl\u00e6gt og position. Tr\u00e6ldom var en del af den sociale orden, og den svage var ikke n\u00f8dvendigvis beskyttelsesv\u00e6rdig. Vi tager afstand fra denne orden, men netop derfor b\u00f8r vi sp\u00f8rge, hvad der har formet vores anderledes syn.<\/p>\n\n\n\n<p class=\"wp-block-paragraph\">Det moderne nordiske samfund bygger p\u00e5 en forestilling om, at mennesket har en ukr\u00e6nkelig v\u00e6rdi \u2013 ikke blot som juridisk princip, men som moralsk grundantagelse. Den \u00e6ldre, den syge, den uf\u00f8dte og den uproduktive anses for at have en v\u00e6rdighed, der ikke kan reduceres til funktion eller nytte. Denne tanke er imidlertid ikke en historisk selvf\u00f8lge. Den voksede frem gennem kristendommens menneskesyn, hvor mennesket forst\u00e5s som skabt i Guds billede og derfor b\u00e6rer en v\u00e6rdi, der ikke afh\u00e6nger af styrke eller samfundsbidrag.<\/p>\n\n\n\n<p class=\"wp-block-paragraph\">N\u00e5r denne forankring sv\u00e6kkes, \u00e6ndres samtalen gradvist. Sp\u00f8rgsm\u00e5let forskydes fra, om mennesket har v\u00e6rdi, til hvor meget v\u00e6rdi det har \u2013 og under hvilke betingelser. N\u00e5r effektivitet og autonomi bliver de dominerende etiske m\u00e5lestokke, risikerer v\u00e6rdighed at blive genstand for vurdering snarere end foruds\u00e6tning. Det sker sj\u00e6ldent dramatisk; det sker administrativt, gennem sprogbrug, prioriteringsmodeller og tekniske l\u00f8sninger.<\/p>\n\n\n\n<p class=\"wp-block-paragraph\">Civilisationer forandres ikke kun gennem ydre begivenheder, men gennem skift i deres grundantagelser. Man kan fortsat bruge ordene \u201cmenneskev\u00e6rd\u201d og \u201cukr\u00e6nkelighed\u201d, men hvis deres indhold l\u00f8sriver sig fra den forestilling, der gav dem substans, bliver de gradvist t\u00f8mt for betydning. Sammenstillingen af viking og kristendom er derfor ikke blot historisk, men principiel: den minder os om, at samfund formes af bestemte antropologiske grundantagelser, og at m\u00e5lestokken for det tilladelige f\u00f8lger med, n\u00e5r disse \u00e6ndres.<\/p>\n\n\n\n<p class=\"wp-block-paragraph\">Vores tid st\u00e5r ikke over for et symbolsk valg mellem hammer og kors, men over for sp\u00f8rgsm\u00e5let om, hvilken forst\u00e5else af mennesket der skal b\u00e6re fremtidens beslutninger. Det sp\u00f8rgsm\u00e5l kan ikke afg\u00f8res teknisk. Det m\u00e5 besvares principielt.<\/p>\n\n\n\n<p class=\"wp-block-paragraph\"><em>-karn<\/em><\/p>\n\n\n\n<p class=\"wp-block-paragraph\"><\/p>\n","protected":false},"excerpt":{"rendered":"<p>N\u00e5r vi i dag diskuterer d\u00f8dshj\u00e6lp, abort og prioritering, foruds\u00e6tter vi en bestemt id\u00e9 om menneskets v\u00e6rd. Den id\u00e9 opstod ikke spontant. Den blev formet gennem kristendommens menneskesyn. Sp\u00f8rgsm\u00e5let er, om vi forst\u00e5r den arv \u2013 eller langsomt er ved at omdefinere den.<\/p>\n","protected":false},"author":1,"featured_media":15846,"comment_status":"closed","ping_status":"closed","sticky":false,"template":"","format":"standard","meta":{"_acf_changed":false,"_FSMCFIC_featured_image_caption":"Thor\u2019s hammer og det kristne kors side om side \u2013 symboler p\u00e5 to verdensbilleder, der i vikingetiden m\u00f8dtes og gradvist forandrede Norden.","_FSMCFIC_featured_image_nocaption":"","_FSMCFIC_featured_image_hide":"","footnotes":""},"categories":[1177],"tags":[],"class_list":["post-15844","post","type-post","status-publish","format-standard","has-post-thumbnail","hentry","category-kultur"],"acf":[],"_links":{"self":[{"href":"https:\/\/arnkilde.dk\/index.php?rest_route=\/wp\/v2\/posts\/15844","targetHints":{"allow":["GET"]}}],"collection":[{"href":"https:\/\/arnkilde.dk\/index.php?rest_route=\/wp\/v2\/posts"}],"about":[{"href":"https:\/\/arnkilde.dk\/index.php?rest_route=\/wp\/v2\/types\/post"}],"author":[{"embeddable":true,"href":"https:\/\/arnkilde.dk\/index.php?rest_route=\/wp\/v2\/users\/1"}],"replies":[{"embeddable":true,"href":"https:\/\/arnkilde.dk\/index.php?rest_route=%2Fwp%2Fv2%2Fcomments&post=15844"}],"version-history":[{"count":6,"href":"https:\/\/arnkilde.dk\/index.php?rest_route=\/wp\/v2\/posts\/15844\/revisions"}],"predecessor-version":[{"id":15851,"href":"https:\/\/arnkilde.dk\/index.php?rest_route=\/wp\/v2\/posts\/15844\/revisions\/15851"}],"wp:featuredmedia":[{"embeddable":true,"href":"https:\/\/arnkilde.dk\/index.php?rest_route=\/wp\/v2\/media\/15846"}],"wp:attachment":[{"href":"https:\/\/arnkilde.dk\/index.php?rest_route=%2Fwp%2Fv2%2Fmedia&parent=15844"}],"wp:term":[{"taxonomy":"category","embeddable":true,"href":"https:\/\/arnkilde.dk\/index.php?rest_route=%2Fwp%2Fv2%2Fcategories&post=15844"},{"taxonomy":"post_tag","embeddable":true,"href":"https:\/\/arnkilde.dk\/index.php?rest_route=%2Fwp%2Fv2%2Ftags&post=15844"}],"curies":[{"name":"wp","href":"https:\/\/api.w.org\/{rel}","templated":true}]}}