{"id":15762,"date":"2026-02-25T12:58:16","date_gmt":"2026-02-25T12:58:16","guid":{"rendered":"https:\/\/arnkilde.dk\/?p=15762"},"modified":"2026-07-11T22:13:33","modified_gmt":"2026-07-11T20:13:33","slug":"fra-breviar-i-fire-bind-til-boen-paa-mobil","status":"publish","type":"post","link":"https:\/\/arnkilde.dk\/?p=15762","title":{"rendered":"Fra breviar i fire bind til b\u00f8n p\u00e5 mobil"},"content":{"rendered":"\n<p class=\"manchet wp-block-paragraph\">Fra breviarets latinske firebindsv\u00e6rk til tideb\u00f8n p\u00e5 mobilen: Kirkens daglige b\u00f8n har skiftet form, men ikke indhold. Sp\u00f8rgsm\u00e5let er ikke, om tiden er blevet digital \u2013 men hvordan den digitale form forvaltes kirkeligt.<\/p>\n\n\n\n<p class=\"wp-block-paragraph\"><em>Den trykte danske tideb\u00f8nsbog er udsolgt, og arbejdet med en fuld dansk digital integration er i gang. Hvad betyder overgangen fra trykte bind til apps for kirkens liturgiske ansvar \u2013 og for den m\u00e5de tideb\u00f8nnen bedes p\u00e5?<\/em><\/p>\n\n\n\n<h2 class=\"wp-block-heading\">Tideb\u00f8n f\u00f8r og nu<\/h2>\n\n\n\n<p class=\"wp-block-paragraph\">Tideb\u00f8nnen er ikke en privat andagt. Den er Kirkens officielle b\u00f8n \u2013 den daglige helligg\u00f8relse af tiden med salmer, l\u00e6sninger og lovsang.<\/p>\n\n\n\n<p class=\"wp-block-paragraph\">I \u00e5rhundreder blev den bedt fra tunge bind i korstolen. I dag kan den \u00e5bnes p\u00e5 en mobiltelefon.<\/p>\n\n\n\n<p class=\"wp-block-paragraph\">Formen har \u00e6ndret sig.<br>Mediet har \u00e6ndret sig.<br>Men selve b\u00f8nnen er den samme.<\/p>\n\n\n\n<p class=\"wp-block-paragraph\">For at forst\u00e5 nutiden m\u00e5 vi begynde med breviaret.<\/p>\n\n\n\n<h2 class=\"wp-block-heading\">Den klassiske form \u2013 breviaret<\/h2>\n\n\n\n<figure class=\"wp-block-image size-full is-resized\"><img loading=\"lazy\" decoding=\"async\" width=\"500\" height=\"803\" src=\"https:\/\/arnkilde.dk\/wp-content\/uploads\/2026\/02\/breviar_500.webp\" alt=\"\" class=\"wp-image-15767\" style=\"width:305px;height:auto\" srcset=\"https:\/\/arnkilde.dk\/wp-content\/uploads\/2026\/02\/breviar_500.webp 500w, https:\/\/arnkilde.dk\/wp-content\/uploads\/2026\/02\/breviar_500-187x300.webp 187w\" sizes=\"auto, (max-width: 500px) 100vw, 500px\" \/><\/figure>\n\n\n\n<p class=\"wp-block-paragraph\">Frem til 1970 var tideb\u00f8nnen samlet i Breviarium Romanum.<\/p>\n\n\n\n<p class=\"wp-block-paragraph\">Breviaret var:<\/p>\n\n\n\n<ul class=\"wp-block-list\">\n<li>P\u00e5 latin<\/li>\n\n\n\n<li>Opbygget i en 1-uges salmecyklus<\/li>\n\n\n\n<li>Tekstm\u00e6ssigt t\u00e6t<\/li>\n\n\n\n<li>Strukturelt komplekst<\/li>\n\n\n\n<li>Pr\u00e6get af klostertraditionen<\/li>\n<\/ul>\n\n\n\n<p class=\"wp-block-paragraph\">Alle 150 salmer blev bedt hver uge. Matutin \u2013 natb\u00f8nnen \u2013 var omfattende. Tideb\u00f8nnen var i praksis pr\u00e6sters og ordensfolks daglige forpligtelse.<\/p>\n\n\n\n<p class=\"wp-block-paragraph\">Breviaret fandtes ofte i fire bind, opdelt efter \u00e5rstid. Men salmerytmen var den samme uge efter uge: intensiv og koncentreret.<\/p>\n\n\n\n<p class=\"wp-block-paragraph\">Det var en form, der kr\u00e6vede disciplin \u2013 og skabte rytme.<\/p>\n\n\n\n<h2 class=\"wp-block-heading\">Reformen \u2013 Liturgia Horarum<\/h2>\n\n\n\n<figure class=\"wp-block-image size-full\"><img loading=\"lazy\" decoding=\"async\" width=\"1000\" height=\"832\" src=\"https:\/\/arnkilde.dk\/wp-content\/uploads\/2026\/02\/fire_bind_1000.webp\" alt=\"\" class=\"wp-image-15766\" srcset=\"https:\/\/arnkilde.dk\/wp-content\/uploads\/2026\/02\/fire_bind_1000.webp 1000w, https:\/\/arnkilde.dk\/wp-content\/uploads\/2026\/02\/fire_bind_1000-300x250.webp 300w, https:\/\/arnkilde.dk\/wp-content\/uploads\/2026\/02\/fire_bind_1000-768x639.webp 768w\" sizes=\"auto, (max-width: 1000px) 100vw, 1000px\" \/><\/figure>\n\n\n\n<p class=\"wp-block-paragraph\">Efter Andet Vatikankoncil blev tideb\u00f8nnen reformeret. Den nye officielle udgave fik navnet <em>Liturgia Horarum<\/em>.<\/p>\n\n\n\n<p class=\"wp-block-paragraph\">Her \u00e6ndredes strukturen:<\/p>\n\n\n\n<ul class=\"wp-block-list\">\n<li>Salmerne blev fordelt over fire uger<\/li>\n\n\n\n<li>Gentagelser blev reduceret<\/li>\n\n\n\n<li>L\u00e6sningernes Tideb\u00f8n fik klarere form<\/li>\n\n\n\n<li>Laudes og Vesper blev fremh\u00e6vet<\/li>\n\n\n\n<li>Tideb\u00f8nnen blev \u00e5bnet for folkesprog<\/li>\n<\/ul>\n\n\n\n<p class=\"wp-block-paragraph\">Form\u00e5let var ikke at bryde med traditionen, men at g\u00f8re den mere bibelsk bred og mere tilg\u00e6ngelig.<\/p>\n\n\n\n<p class=\"wp-block-paragraph\">I dag er <em>Liturgia Horarum<\/em> den officielle tideb\u00f8n i den romerske ritus.<\/p>\n\n\n\n<h2 class=\"wp-block-heading\">Den danske situation<\/h2>\n\n\n\n<figure class=\"wp-block-image size-full is-resized\"><img loading=\"lazy\" decoding=\"async\" width=\"800\" height=\"792\" src=\"https:\/\/arnkilde.dk\/wp-content\/uploads\/2026\/02\/tidebog_800.webp\" alt=\"\" class=\"wp-image-15765\" style=\"aspect-ratio:1.0101077050538525;width:383px;height:auto\" srcset=\"https:\/\/arnkilde.dk\/wp-content\/uploads\/2026\/02\/tidebog_800.webp 800w, https:\/\/arnkilde.dk\/wp-content\/uploads\/2026\/02\/tidebog_800-300x297.webp 300w, https:\/\/arnkilde.dk\/wp-content\/uploads\/2026\/02\/tidebog_800-150x150.webp 150w, https:\/\/arnkilde.dk\/wp-content\/uploads\/2026\/02\/tidebog_800-768x760.webp 768w\" sizes=\"auto, (max-width: 800px) 100vw, 800px\" \/><\/figure>\n\n\n\n<p class=\"wp-block-paragraph\">I Danmark blev tideb\u00f8nnen udgivet i \u00e9t bind under titlen Tideb\u00f8n. Den indeholder prim\u00e6rt Laudes og Vesper.<\/p>\n\n\n\n<figure class=\"wp-block-image size-full is-resized\"><img loading=\"lazy\" decoding=\"async\" width=\"500\" height=\"827\" src=\"https:\/\/arnkilde.dk\/wp-content\/uploads\/2026\/02\/laesn_500.webp\" alt=\"\" class=\"wp-image-15768\" style=\"width:318px;height:auto\" srcset=\"https:\/\/arnkilde.dk\/wp-content\/uploads\/2026\/02\/laesn_500.webp 500w, https:\/\/arnkilde.dk\/wp-content\/uploads\/2026\/02\/laesn_500-181x300.webp 181w\" sizes=\"auto, (max-width: 500px) 100vw, 500px\" \/><\/figure>\n\n\n\n<p class=\"wp-block-paragraph\">Den fulde <strong>L\u00e6sningernes Tideb\u00f8n<\/strong> er udgivet s\u00e6rskilt i fire bind. <\/p>\n\n\n\n<p class=\"wp-block-paragraph\">Den trykte danske tideb\u00f8nsbog er i \u00f8jeblikket udsolgt, og fremtiden for et nyt oplag er usikker. Dermed opst\u00e5r et praktisk sp\u00f8rgsm\u00e5l: Hvordan sikres adgangen til hele tideb\u00f8nnen p\u00e5 dansk?<\/p>\n\n\n\n<p class=\"wp-block-paragraph\">Her er den digitale udvikling blevet afg\u00f8rende.<\/p>\n\n\n\n<p class=\"wp-block-paragraph\">Det katolske bisped\u00f8mme i Danmark arbejder i \u00f8jeblikket p\u00e5 en fuld dansk integration af hele tideb\u00f8nnen \u2013 inklusive L\u00e6sningernes Tideb\u00f8n \u2013 i en digital l\u00f8sning. M\u00e5let er, at hele den romerske tideb\u00f8n kan bedes sammenh\u00e6ngende og liturgisk korrekt p\u00e5 dansk i app-form.<\/p>\n\n\n\n<h2 class=\"wp-block-heading\">Tideb\u00f8n p\u00e5 mobil + tablet<\/h2>\n\n\n\n<figure class=\"wp-block-image size-full\"><img loading=\"lazy\" decoding=\"async\" width=\"1000\" height=\"667\" src=\"https:\/\/arnkilde.dk\/wp-content\/uploads\/2026\/02\/mobil_tablet_1000.webp\" alt=\"\" class=\"wp-image-15770\" srcset=\"https:\/\/arnkilde.dk\/wp-content\/uploads\/2026\/02\/mobil_tablet_1000.webp 1000w, https:\/\/arnkilde.dk\/wp-content\/uploads\/2026\/02\/mobil_tablet_1000-300x200.webp 300w, https:\/\/arnkilde.dk\/wp-content\/uploads\/2026\/02\/mobil_tablet_1000-768x512.webp 768w, https:\/\/arnkilde.dk\/wp-content\/uploads\/2026\/02\/mobil_tablet_1000-150x100.webp 150w, https:\/\/arnkilde.dk\/wp-content\/uploads\/2026\/02\/mobil_tablet_1000-330x220.webp 330w, https:\/\/arnkilde.dk\/wp-content\/uploads\/2026\/02\/mobil_tablet_1000-420x280.webp 420w, https:\/\/arnkilde.dk\/wp-content\/uploads\/2026\/02\/mobil_tablet_1000-510x340.webp 510w\" sizes=\"auto, (max-width: 1000px) 100vw, 1000px\" \/><\/figure>\n\n\n\n<p class=\"wp-block-paragraph\">I dag m\u00f8der mange to digitale l\u00f8sninger:<\/p>\n\n\n\n<ul class=\"wp-block-list\">\n<li>Universalis<\/li>\n\n\n\n<li>Catholic Calendar<\/li>\n<\/ul>\n\n\n\n<p class=\"wp-block-paragraph\">Begge bygger p\u00e5 den romerske liturgiske struktur. Begge rummer hele tideb\u00f8nnen.<\/p>\n\n\n\n<p class=\"wp-block-paragraph\">Men der er forskelle.<\/p>\n\n\n\n<h2 class=\"wp-block-heading\">Universalis<\/h2>\n\n\n\n<p class=\"wp-block-paragraph\">Universalis er en international app, der fungerer som et digitalt breviar.<\/p>\n\n\n\n<p class=\"wp-block-paragraph\">Den indeholder:<\/p>\n\n\n\n<ul class=\"wp-block-list\">\n<li>Hele tideb\u00f8nnen<\/li>\n\n\n\n<li>L\u00e6sningernes Tideb\u00f8n<\/li>\n\n\n\n<li>Messe\u00adl\u00e6sninger<\/li>\n\n\n\n<li>Helgenkalender<\/li>\n\n\n\n<li>Supplerende andagter<\/li>\n<\/ul>\n\n\n\n<p class=\"wp-block-paragraph\">Den anvender egne overs\u00e6ttelser og fungerer globalt. Sprog v\u00e6lges i indstillingerne, og mange bruger den p\u00e5 engelsk.<\/p>\n\n\n\n<p class=\"wp-block-paragraph\">Universalis er i praksis en komplet b\u00f8nnebog i digital form.<\/p>\n\n\n\n<h2 class=\"wp-block-heading\">Catholic Calendar<\/h2>\n\n\n\n<p class=\"wp-block-paragraph\">Catholic Calendar bygger p\u00e5 samme liturgiske grundstruktur, men i dansk sammenh\u00e6ng arbejdes der m\u00e5lrettet p\u00e5 en fuld sproglig og pastoral integration i samarbejde med det katolske bisped\u00f8mme i Danmark.<\/p>\n\n\n\n<p class=\"wp-block-paragraph\">Ambitionen er, at hele tideb\u00f8nnen \u2013 inklusive L\u00e6sningernes Tideb\u00f8n \u2013 fremst\u00e5r samlet og gennemarbejdet p\u00e5 dansk, med korrekt dansk kalender og liturgisk sammenh\u00e6ng.<\/p>\n\n\n\n<p class=\"wp-block-paragraph\">Her ligger forskellen ikke i selve b\u00f8nnen, men i graden af dansk integration.<\/p>\n\n\n\n<h2 class=\"wp-block-heading\">Hvad er den konkrete forskel?<\/h2>\n\n\n\n<p class=\"wp-block-paragraph\">Man beder den samme tideb\u00f8n i begge apps.<\/p>\n\n\n\n<p class=\"wp-block-paragraph\">Forskellen ligger prim\u00e6rt i:<\/p>\n\n\n\n<ul class=\"wp-block-list\">\n<li>Sproglig udformning<\/li>\n\n\n\n<li>Redaktionel forankring<\/li>\n\n\n\n<li>Liturgisk kontekst i dansk sammenh\u00e6ng<\/li>\n<\/ul>\n\n\n\n<p class=\"wp-block-paragraph\">Universalis er international og bred.<br>Catholic Calendar er under udvikling som fuldt dansk integreret l\u00f8sning.<\/p>\n\n\n\n<h2 class=\"wp-block-heading\">F\u00f8r og nu<\/h2>\n\n\n\n<p class=\"wp-block-paragraph\">F\u00f8r blev tideb\u00f8nnen bedt fra tunge bind i korstolen.<br>Nu kan den bedes fra en telefon i lommen.<\/p>\n\n\n\n<p class=\"wp-block-paragraph\">Strukturen har udviklet sig \u2013<br>fra breviarets 1-uges rytme<br>til Liturgia Horarums 4-ugers cyklus<br>og videre til digitale platforme.<\/p>\n\n\n\n<p class=\"wp-block-paragraph\">Men kernen er uforandret:<\/p>\n\n\n\n<p class=\"wp-block-paragraph\">Salmerne.<br>Lovsangene.<br>Den daglige helligg\u00f8relse af tiden.<\/p>\n\n\n\n<p class=\"manchet wp-block-paragraph\">Tiden er blevet digital.<br>B\u00f8nnen er den samme.<\/p>\n\n\n\n<p class=\"wp-block-paragraph\"><em>-karn<\/em><\/p>\n","protected":false},"excerpt":{"rendered":"<p>Fra breviarets fire bind til tideb\u00f8n p\u00e5 mobilen: Kirkens daglige b\u00f8n har \u00e6ndret form gennem historien, men ikke indhold. I dag st\u00e5r vi midt i en overgang fra trykte b\u00f8ger til digitale l\u00f8sninger \u2013 og sp\u00f8rgsm\u00e5let er ikke, om tideb\u00f8nnen kan bedes p\u00e5 en sk\u00e6rm, men hvordan den forvaltes kirkeligt og sprogligt i en dansk sammenh\u00e6ng.<\/p>\n","protected":false},"author":1,"featured_media":15772,"comment_status":"closed","ping_status":"closed","sticky":false,"template":"","format":"standard","meta":{"_acf_changed":false,"_FSMCFIC_featured_image_caption":"Tradition og teknologi m\u00f8des: Breviar, tidebog og firebindsv\u00e6rk st\u00e5r side om side med Universalis og Catholic Calendar \u2013 den romerske tideb\u00f8n i b\u00e5de fysisk og digital form | \u00a9 arnkilde.dk","_FSMCFIC_featured_image_nocaption":"","_FSMCFIC_featured_image_hide":"","footnotes":""},"categories":[5],"tags":[],"class_list":["post-15762","post","type-post","status-publish","format-standard","has-post-thumbnail","hentry","category-afventer-kategori"],"acf":[],"_links":{"self":[{"href":"https:\/\/arnkilde.dk\/index.php?rest_route=\/wp\/v2\/posts\/15762","targetHints":{"allow":["GET"]}}],"collection":[{"href":"https:\/\/arnkilde.dk\/index.php?rest_route=\/wp\/v2\/posts"}],"about":[{"href":"https:\/\/arnkilde.dk\/index.php?rest_route=\/wp\/v2\/types\/post"}],"author":[{"embeddable":true,"href":"https:\/\/arnkilde.dk\/index.php?rest_route=\/wp\/v2\/users\/1"}],"replies":[{"embeddable":true,"href":"https:\/\/arnkilde.dk\/index.php?rest_route=%2Fwp%2Fv2%2Fcomments&post=15762"}],"version-history":[{"count":7,"href":"https:\/\/arnkilde.dk\/index.php?rest_route=\/wp\/v2\/posts\/15762\/revisions"}],"predecessor-version":[{"id":15775,"href":"https:\/\/arnkilde.dk\/index.php?rest_route=\/wp\/v2\/posts\/15762\/revisions\/15775"}],"wp:featuredmedia":[{"embeddable":true,"href":"https:\/\/arnkilde.dk\/index.php?rest_route=\/wp\/v2\/media\/15772"}],"wp:attachment":[{"href":"https:\/\/arnkilde.dk\/index.php?rest_route=%2Fwp%2Fv2%2Fmedia&parent=15762"}],"wp:term":[{"taxonomy":"category","embeddable":true,"href":"https:\/\/arnkilde.dk\/index.php?rest_route=%2Fwp%2Fv2%2Fcategories&post=15762"},{"taxonomy":"post_tag","embeddable":true,"href":"https:\/\/arnkilde.dk\/index.php?rest_route=%2Fwp%2Fv2%2Ftags&post=15762"}],"curies":[{"name":"wp","href":"https:\/\/api.w.org\/{rel}","templated":true}]}}