{"id":12205,"date":"2025-12-17T14:13:13","date_gmt":"2025-12-17T14:13:13","guid":{"rendered":"https:\/\/arnkilde.dk\/?p=12205"},"modified":"2026-07-11T18:43:07","modified_gmt":"2026-07-11T16:43:07","slug":"katolske-og-ortodokse-kirker-i-vestbalkan-mellem-tro-identitet-og-eu-integration","status":"publish","type":"post","link":"https:\/\/arnkilde.dk\/?p=12205","title":{"rendered":"EU og Europas sj\u00e6l"},"content":{"rendered":"\n<p class=\"manchet wp-block-paragraph\" style=\"font-style:normal;font-weight:500\">N\u00e5r EU vender blikket mod Vestbalkan, m\u00f8der det ikke blot seks lande i en udvidelsesproces, men en region hvor tro, historie og identitet stadig former samfundets dybeste lag. Vestbalkan minder Europa om, at religion ikke uden videre kan reduceres til privat overbevisning \u2013 og at politisk integration uden \u00e5ndelig forst\u00e5else risikerer at blive hul.<\/p>\n\n\n\n<p class=\"wp-block-paragraph\">I sk\u00e6ringspunktet mellem EU\u2019s sekul\u00e6re projekt og Vestbalkans religi\u00f8se virkelighed st\u00e5r kirkerne som b\u00e5de hukommelse og h\u00e5b \u2013 og som en stille pr\u00f8vesten for Europas selvforst\u00e5else.<\/p>\n\n\n\n<h2 class=\"wp-block-heading\">Europa, Balkan og troens vedvarende n\u00e6rv\u00e6r<\/h2>\n\n\n\n<p class=\"wp-block-paragraph\">N\u00e5r EU\u2019s politiske ledere den 17. december 2025 m\u00f8des med repr\u00e6sentanter fra Vestbalkan, kan begivenheden let reduceres til endnu et skridt i en teknisk udvidelsesproces. Men for regionens folk er sp\u00f8rgsm\u00e5let om Europa ul\u00f8seligt forbundet med identitet, historie og tro. Vestbalkan er et sted, hvor religion ikke er forsvundet fra det offentlige rum, men fortsat lever i samfundets strukturer, i hukommelsen og i konflikternes lange skygger.<\/p>\n\n\n\n<p class=\"wp-block-paragraph\">Her m\u00f8des tre religi\u00f8se traditioner \u2013 ortodoks kristendom, islam og katolicisme \u2013 i en sameksistens, der b\u00e5de rummer rigdom og s\u00e5rbarhed. De ortodokse kirker har b\u00e5ret nationernes selvforst\u00e5else gennem tider uden stat; islam har dybe historiske r\u00f8dder og former store dele af befolkningen; og de katolske mindretal vidner om Kirkens universelle n\u00e6rv\u00e6r, ofte i stilhed, men med vedholdenhed. Denne mangfoldighed kan ikke administreres alene gennem lovgivning \u2013 den m\u00e5 forst\u00e5s.<\/p>\n\n\n\n<p class=\"wp-block-paragraph\">Kirkerne i regionen fungerer fortsat som samfundets hukommelse. De minder om, at mennesket ikke kun er borger, men ogs\u00e5 skabt, og at f\u00e6llesskaber ikke kan b\u00e6res af procedurer alene. Samtidig afsl\u00f8rer nutidige konflikter, hvor let tro kan forvanskes, n\u00e5r den flettes sammen med nationalisme og geopolitik. Netop derfor er kirkernes vidnesbyrd om forsoning, t\u00e5lmodighed og sandhed mere n\u00f8dvendigt end nogensinde.<\/p>\n\n\n\n<p class=\"wp-block-paragraph\">For den katolske kirke best\u00e5r opgaven ikke i at h\u00e6vde magt, men i at v\u00e6re sakramentalt til stede [se note].<\/p>\n\n\n\n<p class=\"wp-block-paragraph\">Som tegn p\u00e5 h\u00e5b, som tjenende f\u00e6llesskab og som p\u00e5mindelse om menneskets v\u00e6rdighed. I m\u00f8det med de ortodokse kirker kaldes Kirken ikke til triumf, men til trofasthed mod evangeliet \u2013 i sandhed og k\u00e6rlighed.<\/p>\n\n\n\n<p class=\"wp-block-paragraph\">Vestbalkan bliver s\u00e5ledes en pr\u00f8vesten for Europa selv. Ikke kun for dets politiske vilje, men for dets evne til at anerkende, at fred, stabilitet og retsstat foruds\u00e6tter en \u00e5ndelig og moralsk jordbund. Et Europa, der glemmer dette, risikerer at miste orienteringen.<\/p>\n\n\n\n<p class=\"wp-block-paragraph\">M\u00e5 Europas fremtid derfor ikke alene formes af traktater og strategier, men ogs\u00e5 af den indsigt, Kirken har b\u00e5ret gennem \u00e5rhundreder: at sand fred begynder d\u00e9r, hvor mennesket igen t\u00f8r se sig selv som skabt \u2013 og ikke blot som suver\u00e6n.<\/p>\n\n\n\n<h2 class=\"wp-block-heading\">* Teologisk forklaret<\/h2>\n\n\n\n<p class=\"wp-block-paragraph\">I katolsk teologi er et <strong>sakramente<\/strong> ikke blot et symbol, men et <strong>virkningsfuldt tegn<\/strong> (<em>signum efficax<\/em>):<\/p>\n\n\n\n<ul class=\"wp-block-list\">\n<li>Noget synligt<\/li>\n\n\n\n<li>der formidler en usynlig n\u00e5de<\/li>\n<\/ul>\n\n\n\n<p class=\"wp-block-paragraph\">N\u00e5r man siger, at <strong>Kirken er \u201csakramentalt til stede\u201d<\/strong>, betyder det, at Kirken selv er kaldet til at fungere som:<\/p>\n\n\n\n<blockquote class=\"wp-block-quote is-layout-flow wp-block-quote-is-layout-flow\">\n<p class=\"wp-block-paragraph\"><em>et tegn og redskab for Guds n\u00e6rv\u00e6r i verden<\/em><\/p>\n<\/blockquote>\n\n\n\n<p class=\"wp-block-paragraph\">Dette er direkte hentet fra <strong>Det Andet Vatikankoncil<\/strong>, <em>Lumen gentium<\/em> \u00a71:<\/p>\n\n\n\n<blockquote class=\"wp-block-quote is-layout-flow wp-block-quote-is-layout-flow\">\n<p class=\"wp-block-paragraph\"><em>Kirken er i Kristus som et sakramente, det vil sige b\u00e5de tegn og redskab for den inderlige forening med Gud og for hele menneskesl\u00e6gtens enhed.<\/em><\/p>\n<\/blockquote>\n","protected":false},"excerpt":{"rendered":"<p>N\u00e5r EU vender blikket mod Vestbalkan, m\u00f8der det ikke blot seks lande i en udvidelsesproces, men en region hvor tro, historie og identitet stadig former samfundets dybeste lag. Vestbalkan minder Europa om, at religion ikke uden videre kan reduceres til privat overbevisning \u2013 og at politisk integration uden \u00e5ndelig forst\u00e5else risikerer at blive hul.<\/p>\n","protected":false},"author":1,"featured_media":12210,"comment_status":"closed","ping_status":"closed","sticky":false,"template":"","format":"standard","meta":{"_acf_changed":false,"_FSMCFIC_featured_image_caption":"Vestbalkan rummer ortodokse flertal, store muslimske befolkninger og katolske mindretal \u2013 en religi\u00f8s mangfoldighed, der fortsat pr\u00e6ger regionens forhold til Europa | \u00a9 arnkilde.dk","_FSMCFIC_featured_image_nocaption":"","_FSMCFIC_featured_image_hide":"","footnotes":""},"categories":[1137],"tags":[],"class_list":["post-12205","post","type-post","status-publish","format-standard","has-post-thumbnail","hentry","category-samfund"],"acf":[],"_links":{"self":[{"href":"https:\/\/arnkilde.dk\/index.php?rest_route=\/wp\/v2\/posts\/12205","targetHints":{"allow":["GET"]}}],"collection":[{"href":"https:\/\/arnkilde.dk\/index.php?rest_route=\/wp\/v2\/posts"}],"about":[{"href":"https:\/\/arnkilde.dk\/index.php?rest_route=\/wp\/v2\/types\/post"}],"author":[{"embeddable":true,"href":"https:\/\/arnkilde.dk\/index.php?rest_route=\/wp\/v2\/users\/1"}],"replies":[{"embeddable":true,"href":"https:\/\/arnkilde.dk\/index.php?rest_route=%2Fwp%2Fv2%2Fcomments&post=12205"}],"version-history":[{"count":11,"href":"https:\/\/arnkilde.dk\/index.php?rest_route=\/wp\/v2\/posts\/12205\/revisions"}],"predecessor-version":[{"id":13044,"href":"https:\/\/arnkilde.dk\/index.php?rest_route=\/wp\/v2\/posts\/12205\/revisions\/13044"}],"wp:featuredmedia":[{"embeddable":true,"href":"https:\/\/arnkilde.dk\/index.php?rest_route=\/wp\/v2\/media\/12210"}],"wp:attachment":[{"href":"https:\/\/arnkilde.dk\/index.php?rest_route=%2Fwp%2Fv2%2Fmedia&parent=12205"}],"wp:term":[{"taxonomy":"category","embeddable":true,"href":"https:\/\/arnkilde.dk\/index.php?rest_route=%2Fwp%2Fv2%2Fcategories&post=12205"},{"taxonomy":"post_tag","embeddable":true,"href":"https:\/\/arnkilde.dk\/index.php?rest_route=%2Fwp%2Fv2%2Ftags&post=12205"}],"curies":[{"name":"wp","href":"https:\/\/api.w.org\/{rel}","templated":true}]}}