{"id":11711,"date":"2025-12-08T13:14:23","date_gmt":"2025-12-08T13:14:23","guid":{"rendered":"https:\/\/arnkilde.dk\/?p=11711"},"modified":"2026-07-11T18:43:08","modified_gmt":"2026-07-11T16:43:08","slug":"naar-bias-styrer-os-hvordan-skjulte-skaevheder-kan-paavirke-samfundsudviklingen-og-hvorfor-sandhed-stadig-findes","status":"publish","type":"post","link":"https:\/\/arnkilde.dk\/?p=11711","title":{"rendered":"N\u00e5r bias styrer \u2013 og sandheden best\u00e5r"},"content":{"rendered":"\n<p class=\"wp-block-paragraph\"><em>Af Kuno Arnkilde<\/em><\/p>\n\n\n\n<p class=\"wp-block-paragraph\">I en tid, hvor information flyder hurtigere end nogensinde f\u00f8r, kunne man tro, at vi som samfund bliver mere oplyste. Men paradoksalt nok vokser forvirringen ofte i takt med informationsm\u00e6ngden. Mennesket er nemlig ikke en neutral observat\u00f8r. Vi ser ikke virkeligheden direkte, men gennem mentale filtre \u2013 bias \u2013 som p\u00e5virker vores bed\u00f8mmelser, valg og verdensopfattelser.<\/p>\n\n\n\n<p class=\"wp-block-paragraph\">BIAS [ubevidst forudindtagethed] betyder ikke n\u00f8dvendigvis ondskab eller manipulation. Det er mentale genveje, der hj\u00e6lper os med at bearbejde en kompleks verden. Men n\u00e5r disse sk\u00e6vheder ikke erkendes, kan de tr\u00e6kke en samfundsudvikling i en retning, ingen bevidst har valgt.<\/p>\n\n\n\n<p class=\"wp-block-paragraph\">Alligevel rejser dette et dybere sp\u00f8rgsm\u00e5l: Hvis vores perception er konstant farvet af bias, findes der da overhovedet en objektiv sandhed? Eller er sandhed blot et udtryk for perspektiv?<\/p>\n\n\n\n<h2 class=\"wp-block-heading\">Mediebias: N\u00e5r den f\u00e6lles virkelighed forvr\u00e6nges<\/h2>\n\n\n\n<p class=\"wp-block-paragraph\">Medier former i h\u00f8j grad vores forst\u00e5else af verden. Men medier er ogs\u00e5 underlagt menneskelige pr\u00e6ferencer og psykologiske m\u00f8nstre:<\/p>\n\n\n\n<ul class=\"wp-block-list\">\n<li>Negativity bias g\u00f8r, at d\u00e5rlige nyheder f\u00e5r st\u00f8rre v\u00e6gt end gode.<\/li>\n\n\n\n<li>Confirmation bias betyder, at vi s\u00f8ger information, der bekr\u00e6fter vores holdninger.<\/li>\n\n\n\n<li>Availability bias g\u00f8r dramatiske h\u00e6ndelser tilsyneladende mere almindelige end de er.<\/li>\n<\/ul>\n\n\n\n<p class=\"wp-block-paragraph\">Konsekvensen er, at befolkningen let kan miste fornemmelsen af proportioner. Samfundets mentale landskab formes da mere af f\u00f8lelser end af fakta.<\/p>\n\n\n\n<h2 class=\"wp-block-heading\">Politisk bias: Beslutninger p\u00e5 autopilot<\/h2>\n\n\n\n<p class=\"wp-block-paragraph\">Politikere er ikke neutrale maskiner, men mennesker med egne oplevelser, gruppetilh\u00f8rsforhold og begr\u00e6nsninger. Derfor p\u00e5virker bias ogs\u00e5 politiske beslutninger:<\/p>\n\n\n\n<ul class=\"wp-block-list\">\n<li>Status quo-bias kan fastholde for\u00e6ldede systemer.<\/li>\n\n\n\n<li>Groupthink kan f\u00f8re til reformer uden reel kritik.<\/li>\n\n\n\n<li>Illusion of consensus kan f\u00e5 politiske milj\u00f8er til at tro, at de repr\u00e6senterer flertallet, selv n\u00e5r de ikke g\u00f8r.<\/li>\n<\/ul>\n\n\n\n<p class=\"wp-block-paragraph\">N\u00e5r bias dominerer politik, oph\u00f8rer politik som refleksion og bliver reaktion.<\/p>\n\n\n\n<h2 class=\"wp-block-heading\">Teknologisk bias: N\u00e5r algoritmer efterligner menneskets fejl<\/h2>\n\n\n\n<p class=\"wp-block-paragraph\">Kunstig intelligens og algoritmer fremst\u00e5r objektive, men de er tr\u00e6net p\u00e5 menneskeskabte data. Derfor kan digitale systemer forst\u00e6rke sk\u00e6vheder:<\/p>\n\n\n\n<ul class=\"wp-block-list\">\n<li>diskrimination i jobans\u00f8gninger<\/li>\n\n\n\n<li>polarisering via sociale medier<\/li>\n\n\n\n<li>forvr\u00e6ngede risikovurderinger i det offentlige system<\/li>\n<\/ul>\n\n\n\n<p class=\"wp-block-paragraph\">Bias i teknologi er s\u00e6rligt alvorlig, fordi den ofte er usynlig, men p\u00e5virker millioner.<\/p>\n\n\n\n<h2 class=\"wp-block-heading\">Kulturel bias: N\u00e5r normer bliver usynlige<\/h2>\n\n\n\n<p class=\"wp-block-paragraph\">Ethvert samfund har forestillinger om normalitet. Disse kan virke s\u00e5 selvf\u00f8lgelige, at de ikke l\u00e6ngere diskuteres. Men kulturelle bias kan g\u00f8re bestemte grupper usynlige, marginalisere dem eller cementere ulighed \u2013 ikke af ond vilje, men af blindhed.<\/p>\n\n\n\n<p class=\"wp-block-paragraph\">N\u00e5r kulturelle bias bliver strukturelle, kan de forme et samfund, hvor visse mennesker konsekvent falder udenfor, uden at nogen helt kan forklare hvorfor.<\/p>\n\n\n\n<h2 class=\"wp-block-heading\">Men hvis alt er farvet af bias \u2013 findes der da objektiv sandhed?<\/h2>\n\n\n\n<p class=\"wp-block-paragraph\">Dette er det afg\u00f8rende sp\u00f8rgsm\u00e5l. Bias viser, at vores opfattelse er begr\u00e6nset \u2013 men det viser ogs\u00e5, at vi forventer en sandhed, vi kan tage fejl af.<\/p>\n\n\n\n<p class=\"wp-block-paragraph\">Man kan nemlig kun tale om bias, hvis der findes en standard, man kan v\u00e6re sk\u00e6v i forhold til.<\/p>\n\n\n\n<p class=\"wp-block-paragraph\">Hvis alt blot var relativt, ville der ikke v\u00e6re:<\/p>\n\n\n\n<ul class=\"wp-block-list\">\n<li>noget at korrigere<\/li>\n\n\n\n<li>nogen grund til at diskutere<\/li>\n\n\n\n<li>forskel mellem fakta og f\u00f8lelse<\/li>\n<\/ul>\n\n\n\n<p class=\"wp-block-paragraph\">Bias udfordrer dermed ikke sandhedens eksistens \u2013 kun vores adgang til den.<\/p>\n\n\n\n<h2 class=\"wp-block-heading\">Et katolsk perspektiv: Sandheden findes, men ingen menneske ejer den<\/h2>\n\n\n\n<p class=\"wp-block-paragraph\">Den katolske tradition har et st\u00e6rkt og nuanceret syn p\u00e5 sandhed.<\/p>\n\n\n\n<h3 class=\"wp-block-heading\">a) Sandheden som virkelighedens orden<\/h3>\n\n\n\n<p class=\"wp-block-paragraph\">Thomas Aquinas formulerede det klassisk:<\/p>\n\n\n\n<blockquote class=\"wp-block-quote is-layout-flow wp-block-quote-is-layout-flow\">\n<p class=\"has-text-align-left wp-block-paragraph\">\u201dSandhed er overensstemmelsen mellem sind og virkelighed.\u201d<br>(Veritas est adaequatio intellectus et rei)<\/p>\n<\/blockquote>\n\n\n\n<p class=\"wp-block-paragraph\">Sandhed er dermed ikke en f\u00f8lelse eller stemning, men en overensstemmelse.<br>Virkeligheden er, som den er \u2013 og menneskets opgave er at opdage den.<\/p>\n\n\n\n<h3 class=\"wp-block-heading\">b) Sandheden er objektiv, men vores indsigt er begr\u00e6nset<\/h3>\n\n\n\n<p class=\"wp-block-paragraph\">Menneskets erkendelse er pr\u00e6get af:<\/p>\n\n\n\n<ul class=\"wp-block-list\">\n<li>begr\u00e6nsninger<\/li>\n\n\n\n<li>erfaringer<\/li>\n\n\n\n<li>sprog<\/li>\n\n\n\n<li>bias<\/li>\n<\/ul>\n\n\n\n<p class=\"wp-block-paragraph\">Derfor findes objektiv sandhed, men ingen af os ser den fuldt ud. Vi n\u00e6rmer os sandheden gradvist gennem dialog, videnskab, f\u00e6llesskab og selvkritik.<\/p>\n\n\n\n<p class=\"wp-block-paragraph\">Dette er et centralt katolsk princip:<\/p>\n\n\n\n<blockquote class=\"wp-block-quote is-layout-flow wp-block-quote-is-layout-flow\">\n<p class=\"has-text-align-left wp-block-paragraph\">Sandhed er ikke privat ejendom \u2013 den er en opdagelsesrejse.<\/p>\n<\/blockquote>\n\n\n\n<h3 class=\"wp-block-heading\">c) Kristus som sandhed \u2013 ikke som ideologi<\/h3>\n\n\n\n<p class=\"wp-block-paragraph\">I Johannesevangeliet siger Jesus:<\/p>\n\n\n\n<blockquote class=\"wp-block-quote is-layout-flow wp-block-quote-is-layout-flow\">\n<p class=\"wp-block-paragraph\">\u201dJeg er vejen, sandheden og livet\u201d (Joh 14,6).<\/p>\n<\/blockquote>\n\n\n\n<p class=\"wp-block-paragraph\">Det betyder ikke, at kristne kan afg\u00f8re alle sp\u00f8rgsm\u00e5l automatisk.<br>Det betyder, at sandhed i kristent perspektiv er:<\/p>\n\n\n\n<ul class=\"wp-block-list\">\n<li>relationel (forankret i den guddommelige realitet)<\/li>\n\n\n\n<li>ikke vilk\u00e5rlig<\/li>\n\n\n\n<li>s\u00f8ges med ydmyghed, ikke triumfalisme<\/li>\n<\/ul>\n\n\n\n<p class=\"wp-block-paragraph\">I et samfund pr\u00e6get af bias er sandhedens rolle derfor ikke at dominere, men at befri \u2013 fra illusioner, fordomme og ureflekterede m\u00f8nstre.<\/p>\n\n\n\n<h3 class=\"wp-block-heading\">Bias i samfundsudviklingen: Fra fakta til f\u00f8lelser<\/h3>\n\n\n\n<p class=\"wp-block-paragraph\">N\u00e5r bias f\u00e5r lov at dominere p\u00e5 tv\u00e6rs af medier, politik, teknologi og kultur, risikerer samfundet at bev\u00e6ge sig mod:<\/p>\n\n\n\n<ul class=\"wp-block-list\">\n<li>polarisering<\/li>\n\n\n\n<li>mistillid<\/li>\n\n\n\n<li>relativisme<\/li>\n\n\n\n<li>kortsigtede reaktioner fremfor langsigtet refleksion<\/li>\n<\/ul>\n\n\n\n<p class=\"wp-block-paragraph\">Men det beh\u00f8ver ikke ende s\u00e5dan. Bevidsthed om bias kan forvandle disse mekanismer fra skjulte f\u00e6lder til synlige advarselslamper.<\/p>\n\n\n\n<h2 class=\"wp-block-heading\">Kan bias begr\u00e6nses? Ja \u2013 men det kr\u00e6ver ydmyghed<\/h2>\n\n\n\n<p class=\"wp-block-paragraph\">Bias forsvinder aldrig. Men vi kan:<\/p>\n\n\n\n<ul class=\"wp-block-list\">\n<li>skabe strukturer, der korrigerer sk\u00e6vheder<\/li>\n\n\n\n<li>fremme kritisk t\u00e6nkning<\/li>\n\n\n\n<li>styrke dialog mellem forskellige grupper<\/li>\n\n\n\n<li>udvikle teknologi med etisk \u00e5rv\u00e5genhed<\/li>\n\n\n\n<li>dyrke en sandhedsholdning, der er nysgerrig frem for absolutistisk<\/li>\n<\/ul>\n\n\n\n<p class=\"wp-block-paragraph\">Det katolske perspektiv ser netop denne ydmyghed \u2013 denne s\u00f8gen \u2013 som en del af sandhedens natur. Vi ejer ikke sandheden; vi tjener den.<\/p>\n\n\n\n<h2 class=\"wp-block-heading\">Konklusion<\/h2>\n\n\n\n<p class=\"wp-block-paragraph\">Bias er en del af det menneskelige vilk\u00e5r. Men bias betyder ikke, at sandheden opl\u00f8ses. Tv\u00e6rtimod viser det, at sandheden findes \u2013 ellers kunne vi ikke tage fejl af den.<\/p>\n\n\n\n<p class=\"wp-block-paragraph\">Et sundt samfund er derfor ikke et samfund uden bias, men et samfund, der erkender sine bias, korrigerer for dem og s\u00f8ger sandheden med \u00e5benhed, \u00e6rlighed og ansvarlighed.<\/p>\n\n\n\n<p class=\"wp-block-paragraph\">I den katolske tradition bliver denne s\u00f8gen en form for ydmyg pilgrimsvandring: en vandring mod en sandhed, der altid er st\u00f8rre end os, men som alligevel kan erkendes, hvis vi s\u00f8ger den uden frygt.<\/p>\n","protected":false},"excerpt":{"rendered":"<p>I en tid, hvor information flyder hurtigere end nogensinde f\u00f8r, kunne man tro, at vi som samfund bliver mere oplyste. Men paradoksalt nok vokser forvirringen ofte i takt med informationsm\u00e6ngden. Mennesket er nemlig ikke en neutral observat\u00f8r. Vi ser ikke virkeligheden direkte, men gennem mentale filtre \u2013 bias \u2013 som p\u00e5virker vores bed\u00f8mmelser, valg og verdensopfattelser.<\/p>\n","protected":false},"author":1,"featured_media":11712,"comment_status":"closed","ping_status":"closed","sticky":false,"template":"","format":"standard","meta":{"_acf_changed":false,"_FSMCFIC_featured_image_caption":"N\u00e5r bias forvr\u00e6nger vores blik, forsvinder virkeligheden i spejlet | \u00a9 arnkilde.dk","_FSMCFIC_featured_image_nocaption":"","_FSMCFIC_featured_image_hide":"","footnotes":""},"categories":[1137],"tags":[],"class_list":["post-11711","post","type-post","status-publish","format-standard","has-post-thumbnail","hentry","category-samfund"],"acf":[],"_links":{"self":[{"href":"https:\/\/arnkilde.dk\/index.php?rest_route=\/wp\/v2\/posts\/11711","targetHints":{"allow":["GET"]}}],"collection":[{"href":"https:\/\/arnkilde.dk\/index.php?rest_route=\/wp\/v2\/posts"}],"about":[{"href":"https:\/\/arnkilde.dk\/index.php?rest_route=\/wp\/v2\/types\/post"}],"author":[{"embeddable":true,"href":"https:\/\/arnkilde.dk\/index.php?rest_route=\/wp\/v2\/users\/1"}],"replies":[{"embeddable":true,"href":"https:\/\/arnkilde.dk\/index.php?rest_route=%2Fwp%2Fv2%2Fcomments&post=11711"}],"version-history":[{"count":8,"href":"https:\/\/arnkilde.dk\/index.php?rest_route=\/wp\/v2\/posts\/11711\/revisions"}],"predecessor-version":[{"id":11720,"href":"https:\/\/arnkilde.dk\/index.php?rest_route=\/wp\/v2\/posts\/11711\/revisions\/11720"}],"wp:featuredmedia":[{"embeddable":true,"href":"https:\/\/arnkilde.dk\/index.php?rest_route=\/wp\/v2\/media\/11712"}],"wp:attachment":[{"href":"https:\/\/arnkilde.dk\/index.php?rest_route=%2Fwp%2Fv2%2Fmedia&parent=11711"}],"wp:term":[{"taxonomy":"category","embeddable":true,"href":"https:\/\/arnkilde.dk\/index.php?rest_route=%2Fwp%2Fv2%2Fcategories&post=11711"},{"taxonomy":"post_tag","embeddable":true,"href":"https:\/\/arnkilde.dk\/index.php?rest_route=%2Fwp%2Fv2%2Ftags&post=11711"}],"curies":[{"name":"wp","href":"https:\/\/api.w.org\/{rel}","templated":true}]}}